{"id":58071,"date":"2026-03-11T10:11:20","date_gmt":"2026-03-11T14:11:20","guid":{"rendered":"https:\/\/humance.ca\/?p=58071"},"modified":"2026-08-24T15:37:20","modified_gmt":"2026-08-24T19:37:20","slug":"nos-entrevues-radio-et-balados-2026","status":"publish","type":"post","link":"https:\/\/humance.ca\/fr\/blog\/nos-entrevues-radio-et-balados-2026\/","title":{"rendered":"Nos entrevues radio et balados 2026"},"content":{"rendered":"\t\t<div data-elementor-type=\"wp-post\" data-elementor-id=\"58071\" class=\"elementor elementor-58071\" data-elementor-post-type=\"post\">\n\t\t\t\t\t\t<section class=\"elementor-section elementor-top-section elementor-element elementor-element-97254b9 elementor-section-boxed elementor-section-height-default elementor-section-height-default\" data-id=\"97254b9\" data-element_type=\"section\" data-e-type=\"section\" data-settings=\"{&quot;jet_parallax_layout_list&quot;:[],&quot;background_background&quot;:&quot;classic&quot;,&quot;background_image&quot;:{&quot;url&quot;:&quot;&quot;,&quot;id&quot;:&quot;&quot;,&quot;size&quot;:&quot;&quot;},&quot;background_image_tablet&quot;:{&quot;url&quot;:&quot;&quot;,&quot;id&quot;:&quot;&quot;,&quot;size&quot;:&quot;&quot;},&quot;background_image_mobile&quot;:{&quot;url&quot;:&quot;&quot;,&quot;id&quot;:&quot;&quot;,&quot;size&quot;:&quot;&quot;}}\">\n\t\t\t\t\t\t<div class=\"elementor-container elementor-column-gap-default\">\n\t\t\t\t\t<div class=\"elementor-column elementor-col-100 elementor-top-column elementor-element elementor-element-58fc84d\" data-id=\"58fc84d\" data-element_type=\"column\" data-e-type=\"column\">\n\t\t\t<div class=\"elementor-widget-wrap elementor-element-populated\">\n\t\t\t\t\t\t<div class=\"elementor-element elementor-element-3d7b257 elementor-widget elementor-widget-text-editor\" data-id=\"3d7b257\" data-element_type=\"widget\" data-e-type=\"widget\" data-widget_type=\"text-editor.default\">\n\t\t\t\t<div class=\"elementor-widget-container\">\n\t\t\t\t\t\t\t\t\t<p>D\u00e9couvrez les entrevues o\u00f9 nos <a href=\"https:\/\/humance.ca\/fr\/qui-nous-sommes\/notre-equipe\/\" target=\"_blank\" rel=\"noopener\">expertes et experts<\/a> partagent des r\u00e9flexions inspirantes et des conseils concrets sur des enjeux cl\u00e9s pour transformer vos pratiques organisationnelles.<\/p><p>Ces \u00e9changes explorent des th\u00e8mes vari\u00e9s comme l\u2019ambition, la s\u00e9curit\u00e9 psychologique et les qualit\u00e9s d\u2019<a href=\"https:\/\/humance.ca\/fr\/nos-solutions\/developpement-des-leaders-et-des-equipes\/\" target=\"_blank\" rel=\"noopener\">un bon leader<\/a>, offrant des pistes concr\u00e8tes pour b\u00e2tir des milieux de travail plus humains et performants.<\/p>\t\t\t\t\t\t\t\t<\/div>\n\t\t\t\t<\/div>\n\t\t\t\t\t<\/div>\n\t\t<\/div>\n\t\t\t\t\t<\/div>\n\t\t<\/section>\n\t\t\t\t<section class=\"elementor-section elementor-top-section elementor-element elementor-element-b9d3488 elementor-section-boxed elementor-section-height-default elementor-section-height-default\" data-id=\"b9d3488\" data-element_type=\"section\" data-e-type=\"section\" data-settings=\"{&quot;jet_parallax_layout_list&quot;:[]}\">\n\t\t\t\t\t\t<div class=\"elementor-container elementor-column-gap-default\">\n\t\t\t\t\t<div class=\"elementor-column elementor-col-100 elementor-top-column elementor-element elementor-element-c6a37c6\" data-id=\"c6a37c6\" data-element_type=\"column\" data-e-type=\"column\">\n\t\t\t<div class=\"elementor-widget-wrap elementor-element-populated\">\n\t\t\t\t\t\t<div class=\"elementor-element elementor-element-a72f7cb elementor-widget elementor-widget-spacer\" data-id=\"a72f7cb\" data-element_type=\"widget\" data-e-type=\"widget\" data-widget_type=\"spacer.default\">\n\t\t\t\t<div class=\"elementor-widget-container\">\n\t\t\t\t\t\t\t<div class=\"elementor-spacer\">\n\t\t\t<div class=\"elementor-spacer-inner\"><\/div>\n\t\t<\/div>\n\t\t\t\t\t\t<\/div>\n\t\t\t\t<\/div>\n\t\t\t\t\t<\/div>\n\t\t<\/div>\n\t\t\t\t\t<\/div>\n\t\t<\/section>\n\t\t\t\t<section class=\"elementor-section elementor-top-section elementor-element elementor-element-c55d76d elementor-section-boxed elementor-section-height-default elementor-section-height-default\" data-id=\"c55d76d\" data-element_type=\"section\" data-e-type=\"section\" data-settings=\"{&quot;jet_parallax_layout_list&quot;:[]}\">\n\t\t\t\t\t\t<div class=\"elementor-container elementor-column-gap-default\">\n\t\t\t\t\t<div class=\"elementor-column elementor-col-50 elementor-top-column elementor-element elementor-element-3e29986\" data-id=\"3e29986\" data-element_type=\"column\" data-e-type=\"column\">\n\t\t\t<div class=\"elementor-widget-wrap elementor-element-populated\">\n\t\t\t\t\t\t<div class=\"elementor-element elementor-element-bfdce46 elementor-widget elementor-widget-image\" data-id=\"bfdce46\" data-element_type=\"widget\" data-e-type=\"widget\" data-widget_type=\"image.default\">\n\t\t\t\t<div class=\"elementor-widget-container\">\n\t\t\t\t\t\t\t\t\t\t\t\t<figure class=\"wp-caption\">\n\t\t\t\t\t\t\t\t\t\t\t<a href=\"https:\/\/ici.radio-canada.ca\/ohdio\/premiere\/emissions\/bonjour-la-cote\/segments\/rattrapage\/2405808\/engagement-au-travail-explique-par-alexandre-boulay\" target=\"_blank\">\n\t\t\t\t\t\t\t<img fetchpriority=\"high\" decoding=\"async\" width=\"1664\" height=\"960\" src=\"https:\/\/humance.ca\/wp-content\/uploads\/2026\/03\/mobilisation_employes_1664x960.webp\" class=\"attachment-full size-full wp-image-60681\" alt=\"\" srcset=\"https:\/\/humance.ca\/wp-content\/uploads\/2026\/03\/mobilisation_employes_1664x960.webp 1664w, https:\/\/humance.ca\/wp-content\/uploads\/2026\/03\/mobilisation_employes_1664x960-300x173.webp 300w, https:\/\/humance.ca\/wp-content\/uploads\/2026\/03\/mobilisation_employes_1664x960-1024x591.webp 1024w, https:\/\/humance.ca\/wp-content\/uploads\/2026\/03\/mobilisation_employes_1664x960-768x443.webp 768w, https:\/\/humance.ca\/wp-content\/uploads\/2026\/03\/mobilisation_employes_1664x960-1536x886.webp 1536w, https:\/\/humance.ca\/wp-content\/uploads\/2026\/03\/mobilisation_employes_1664x960-150x87.webp 150w\" sizes=\"(max-width: 1664px) 100vw, 1664px\" \/>\t\t\t\t\t\t\t\t<\/a>\n\t\t\t\t\t\t\t\t\t\t\t<figcaption class=\"widget-image-caption wp-caption-text\">Radio-Canada OhDio | Bonjour La C\u00f4te | 17 juin 2026<\/figcaption>\n\t\t\t\t\t\t\t\t\t\t<\/figure>\n\t\t\t\t\t\t\t\t\t<\/div>\n\t\t\t\t<\/div>\n\t\t\t\t\t<\/div>\n\t\t<\/div>\n\t\t\t\t<div class=\"elementor-column elementor-col-50 elementor-top-column elementor-element elementor-element-7611041\" data-id=\"7611041\" data-element_type=\"column\" data-e-type=\"column\">\n\t\t\t<div class=\"elementor-widget-wrap elementor-element-populated\">\n\t\t\t\t\t\t<div class=\"elementor-element elementor-element-760d428 elementor-widget elementor-widget-heading\" data-id=\"760d428\" data-element_type=\"widget\" data-e-type=\"widget\" data-widget_type=\"heading.default\">\n\t\t\t\t<div class=\"elementor-widget-container\">\n\t\t\t\t\t<h2 class=\"elementor-heading-title elementor-size-default\">L'engagement au travail<\/h2>\t\t\t\t<\/div>\n\t\t\t\t<\/div>\n\t\t\t\t<div class=\"elementor-element elementor-element-c6d3808 elementor-widget elementor-widget-text-editor\" data-id=\"c6d3808\" data-element_type=\"widget\" data-e-type=\"widget\" data-widget_type=\"text-editor.default\">\n\t\t\t\t<div class=\"elementor-widget-container\">\n\t\t\t\t\t\t\t\t\t<p class=\"isSelectedEnd\">Qu\u2019est-ce qui favorise r\u00e9ellement l\u2019engagement au travail? Au-del\u00e0 de la motivation individuelle, il se construit au quotidien \u00e0 travers plusieurs dimensions de l\u2019exp\u00e9rience employ\u00e9, notamment le sens accord\u00e9 au travail, la qualit\u00e9 des relations, la confiance et la reconnaissance.<\/p><p>Sur les ondes de Radio-Canada, <a href=\"https:\/\/www.linkedin.com\/in\/aboulay-msc-crha\/?lipi=urn%3Ali%3Apage%3Ad_flagship3_detail_base%3BEwhWEDU0TSeSHOkvOklrUw%3D%3D\" target=\"_blank\" rel=\"noopener\">Alexandre Boulay<\/a> explore les facteurs qui contribuent \u00e0 cr\u00e9er un environnement propice \u00e0 l\u2019engagement et \u00e0 le soutenir dans la dur\u00e9e.<\/p>\t\t\t\t\t\t\t\t<\/div>\n\t\t\t\t<\/div>\n\t\t\t\t<div class=\"elementor-element elementor-element-ba26e32 elementor-widget elementor-widget-button\" data-id=\"ba26e32\" data-element_type=\"widget\" data-e-type=\"widget\" data-widget_type=\"button.default\">\n\t\t\t\t<div class=\"elementor-widget-container\">\n\t\t\t\t\t\t\t\t\t<div class=\"elementor-button-wrapper\">\n\t\t\t\t\t<a class=\"elementor-button elementor-button-link elementor-size-xs\" href=\"https:\/\/ici.radio-canada.ca\/ohdio\/premiere\/emissions\/bonjour-la-cote\/segments\/rattrapage\/2405808\/engagement-au-travail-explique-par-alexandre-boulay\" target=\"_blank\">\n\t\t\t\t\t\t<span class=\"elementor-button-content-wrapper\">\n\t\t\t\t\t\t\t\t\t<span class=\"elementor-button-text\">\u00c9couter l'entrevue compl\u00e8te<\/span>\n\t\t\t\t\t<\/span>\n\t\t\t\t\t<\/a>\n\t\t\t\t<\/div>\n\t\t\t\t\t\t\t\t<\/div>\n\t\t\t\t<\/div>\n\t\t\t\t\t<\/div>\n\t\t<\/div>\n\t\t\t\t\t<\/div>\n\t\t<\/section>\n\t\t\t\t<section class=\"elementor-section elementor-top-section elementor-element elementor-element-e876303 elementor-section-boxed elementor-section-height-default elementor-section-height-default\" data-id=\"e876303\" data-element_type=\"section\" data-e-type=\"section\" data-settings=\"{&quot;jet_parallax_layout_list&quot;:[]}\">\n\t\t\t\t\t\t<div class=\"elementor-container elementor-column-gap-default\">\n\t\t\t\t\t<div class=\"elementor-column elementor-col-100 elementor-top-column elementor-element elementor-element-ba07d27\" data-id=\"ba07d27\" data-element_type=\"column\" data-e-type=\"column\">\n\t\t\t<div class=\"elementor-widget-wrap elementor-element-populated\">\n\t\t\t\t\t\t<div class=\"elementor-element elementor-element-304f6d4 elementor-widget-divider--view-line elementor-widget elementor-widget-divider\" data-id=\"304f6d4\" data-element_type=\"widget\" data-e-type=\"widget\" data-widget_type=\"divider.default\">\n\t\t\t\t<div class=\"elementor-widget-container\">\n\t\t\t\t\t\t\t<div class=\"elementor-divider\">\n\t\t\t<span class=\"elementor-divider-separator\">\n\t\t\t\t\t\t<\/span>\n\t\t<\/div>\n\t\t\t\t\t\t<\/div>\n\t\t\t\t<\/div>\n\t\t\t\t\t<\/div>\n\t\t<\/div>\n\t\t\t\t\t<\/div>\n\t\t<\/section>\n\t\t\t\t<section class=\"elementor-section elementor-top-section elementor-element elementor-element-5ccdf70 elementor-section-boxed elementor-section-height-default elementor-section-height-default\" data-id=\"5ccdf70\" data-element_type=\"section\" data-e-type=\"section\" data-settings=\"{&quot;jet_parallax_layout_list&quot;:[]}\">\n\t\t\t\t\t\t<div class=\"elementor-container elementor-column-gap-default\">\n\t\t\t\t\t<div class=\"elementor-column elementor-col-50 elementor-top-column elementor-element elementor-element-0d2d326\" data-id=\"0d2d326\" data-element_type=\"column\" data-e-type=\"column\">\n\t\t\t<div class=\"elementor-widget-wrap elementor-element-populated\">\n\t\t\t\t\t\t<div class=\"elementor-element elementor-element-2a98715 elementor-widget elementor-widget-image\" data-id=\"2a98715\" data-element_type=\"widget\" data-e-type=\"widget\" data-widget_type=\"image.default\">\n\t\t\t\t<div class=\"elementor-widget-container\">\n\t\t\t\t\t\t\t\t\t\t\t\t<figure class=\"wp-caption\">\n\t\t\t\t\t\t\t\t\t\t\t<a href=\"https:\/\/ici.radio-canada.ca\/ohdio\/premiere\/emissions\/bonjour-la-cote\/segments\/rattrapage\/2391547\/ia-pourquoi-quotient-adaptabilite-pourrait-detroner-qi\" target=\"_blank\">\n\t\t\t\t\t\t\t<img decoding=\"async\" width=\"1000\" height=\"563\" src=\"https:\/\/humance.ca\/wp-content\/uploads\/2026\/03\/humance-quotient-adaptabilite-caroline-rollin.webp\" class=\"attachment-full size-full wp-image-60679\" alt=\"\" srcset=\"https:\/\/humance.ca\/wp-content\/uploads\/2026\/03\/humance-quotient-adaptabilite-caroline-rollin.webp 1000w, https:\/\/humance.ca\/wp-content\/uploads\/2026\/03\/humance-quotient-adaptabilite-caroline-rollin-300x169.webp 300w, https:\/\/humance.ca\/wp-content\/uploads\/2026\/03\/humance-quotient-adaptabilite-caroline-rollin-768x432.webp 768w, https:\/\/humance.ca\/wp-content\/uploads\/2026\/03\/humance-quotient-adaptabilite-caroline-rollin-150x84.webp 150w\" sizes=\"(max-width: 1000px) 100vw, 1000px\" \/>\t\t\t\t\t\t\t\t<\/a>\n\t\t\t\t\t\t\t\t\t\t\t<figcaption class=\"widget-image-caption wp-caption-text\">Radio-Canada OhDio | Bonjour La C\u00f4te | 3 juin 2026<\/figcaption>\n\t\t\t\t\t\t\t\t\t\t<\/figure>\n\t\t\t\t\t\t\t\t\t<\/div>\n\t\t\t\t<\/div>\n\t\t\t\t\t<\/div>\n\t\t<\/div>\n\t\t\t\t<div class=\"elementor-column elementor-col-50 elementor-top-column elementor-element elementor-element-42bd98c\" data-id=\"42bd98c\" data-element_type=\"column\" data-e-type=\"column\">\n\t\t\t<div class=\"elementor-widget-wrap elementor-element-populated\">\n\t\t\t\t\t\t<div class=\"elementor-element elementor-element-c6584b6 elementor-widget elementor-widget-heading\" data-id=\"c6584b6\" data-element_type=\"widget\" data-e-type=\"widget\" data-widget_type=\"heading.default\">\n\t\t\t\t<div class=\"elementor-widget-container\">\n\t\t\t\t\t<h2 class=\"elementor-heading-title elementor-size-default\">Pourquoi le quotient d\u2019adaptabilit\u00e9 pourrait d\u00e9tr\u00f4ner le QI?<\/h2>\t\t\t\t<\/div>\n\t\t\t\t<\/div>\n\t\t\t\t<div class=\"elementor-element elementor-element-ddddc76 elementor-widget elementor-widget-text-editor\" data-id=\"ddddc76\" data-element_type=\"widget\" data-e-type=\"widget\" data-widget_type=\"text-editor.default\">\n\t\t\t\t<div class=\"elementor-widget-container\">\n\t\t\t\t\t\t\t\t\t<p class=\"isSelectedEnd\">Dans un monde du travail en constante \u00e9volution, notre capacit\u00e9 \u00e0 nous adapter devient une comp\u00e9tence de plus en plus d\u00e9terminante. Face aux changements et \u00e0 l\u2019essor de l\u2019intelligence artificielle, apprendre en continu et remettre en question nos fa\u00e7ons de faire pourrait faire toute la diff\u00e9rence.<\/p><p>Sur les ondes de Radio-Canada, <a href=\"https:\/\/www.linkedin.com\/in\/carolinerollin\/?lipi=urn%3Ali%3Apage%3Ad_flagship3_detail_base%3BLzrziQ3TQluf39kCeTvzSg%3D%3D\" target=\"_blank\" rel=\"noopener\">Caroline Rollin<\/a> explore le concept de quotient d\u2019adaptabilit\u00e9 (QA) et explique pourquoi cette capacit\u00e9 \u00e0 apprendre, \u00e0 \u00e9voluer et \u00e0 s\u2019ajuster pourrait devenir l\u2019un de nos plus grands atouts professionnels.<\/p>\t\t\t\t\t\t\t\t<\/div>\n\t\t\t\t<\/div>\n\t\t\t\t<div class=\"elementor-element elementor-element-9cc5968 elementor-widget elementor-widget-button\" data-id=\"9cc5968\" data-element_type=\"widget\" data-e-type=\"widget\" data-widget_type=\"button.default\">\n\t\t\t\t<div class=\"elementor-widget-container\">\n\t\t\t\t\t\t\t\t\t<div class=\"elementor-button-wrapper\">\n\t\t\t\t\t<a class=\"elementor-button elementor-button-link elementor-size-xs\" href=\"https:\/\/ici.radio-canada.ca\/ohdio\/premiere\/emissions\/bonjour-la-cote\/segments\/rattrapage\/2391547\/ia-pourquoi-quotient-adaptabilite-pourrait-detroner-qi\" target=\"_blank\">\n\t\t\t\t\t\t<span class=\"elementor-button-content-wrapper\">\n\t\t\t\t\t\t\t\t\t<span class=\"elementor-button-text\">\u00c9couter l'entrevue compl\u00e8te<\/span>\n\t\t\t\t\t<\/span>\n\t\t\t\t\t<\/a>\n\t\t\t\t<\/div>\n\t\t\t\t\t\t\t\t<\/div>\n\t\t\t\t<\/div>\n\t\t\t\t\t<\/div>\n\t\t<\/div>\n\t\t\t\t\t<\/div>\n\t\t<\/section>\n\t\t\t\t<section class=\"elementor-section elementor-top-section elementor-element elementor-element-0117f2e elementor-section-boxed elementor-section-height-default elementor-section-height-default\" data-id=\"0117f2e\" data-element_type=\"section\" data-e-type=\"section\" data-settings=\"{&quot;jet_parallax_layout_list&quot;:[]}\">\n\t\t\t\t\t\t<div class=\"elementor-container elementor-column-gap-default\">\n\t\t\t\t\t<div class=\"elementor-column elementor-col-100 elementor-top-column elementor-element elementor-element-a0ffdcf\" data-id=\"a0ffdcf\" data-element_type=\"column\" data-e-type=\"column\">\n\t\t\t<div class=\"elementor-widget-wrap elementor-element-populated\">\n\t\t\t\t\t\t<div class=\"elementor-element elementor-element-2ccca38 elementor-widget-divider--view-line elementor-widget elementor-widget-divider\" data-id=\"2ccca38\" data-element_type=\"widget\" data-e-type=\"widget\" data-widget_type=\"divider.default\">\n\t\t\t\t<div class=\"elementor-widget-container\">\n\t\t\t\t\t\t\t<div class=\"elementor-divider\">\n\t\t\t<span class=\"elementor-divider-separator\">\n\t\t\t\t\t\t<\/span>\n\t\t<\/div>\n\t\t\t\t\t\t<\/div>\n\t\t\t\t<\/div>\n\t\t\t\t\t<\/div>\n\t\t<\/div>\n\t\t\t\t\t<\/div>\n\t\t<\/section>\n\t\t\t\t<section class=\"elementor-section elementor-top-section elementor-element elementor-element-8923880 elementor-section-boxed elementor-section-height-default elementor-section-height-default\" data-id=\"8923880\" data-element_type=\"section\" data-e-type=\"section\" data-settings=\"{&quot;jet_parallax_layout_list&quot;:[]}\">\n\t\t\t\t\t\t<div class=\"elementor-container elementor-column-gap-default\">\n\t\t\t\t\t<div class=\"elementor-column elementor-col-50 elementor-top-column elementor-element elementor-element-e469dd0\" data-id=\"e469dd0\" data-element_type=\"column\" data-e-type=\"column\">\n\t\t\t<div class=\"elementor-widget-wrap elementor-element-populated\">\n\t\t\t\t\t\t<div class=\"elementor-element elementor-element-621f326 elementor-widget elementor-widget-image\" data-id=\"621f326\" data-element_type=\"widget\" data-e-type=\"widget\" data-widget_type=\"image.default\">\n\t\t\t\t<div class=\"elementor-widget-container\">\n\t\t\t\t\t\t\t\t\t\t\t\t<figure class=\"wp-caption\">\n\t\t\t\t\t\t\t\t\t\t\t<a href=\"https:\/\/ici.radio-canada.ca\/ohdio\/premiere\/emissions\/bonjour-la-cote\/segments\/rattrapage\/2379662\/pourquoi-vos-solutions-travail-ne-tiennent-elles-pas\" target=\"_blank\">\n\t\t\t\t\t\t\t<img decoding=\"async\" width=\"2560\" height=\"1350\" src=\"https:\/\/humance.ca\/wp-content\/uploads\/2026\/03\/Chronique-5-pourquoi-scaled.webp\" class=\"attachment-full size-full wp-image-60677\" alt=\"\" srcset=\"https:\/\/humance.ca\/wp-content\/uploads\/2026\/03\/Chronique-5-pourquoi-scaled.webp 2560w, https:\/\/humance.ca\/wp-content\/uploads\/2026\/03\/Chronique-5-pourquoi-300x158.webp 300w, https:\/\/humance.ca\/wp-content\/uploads\/2026\/03\/Chronique-5-pourquoi-1024x540.webp 1024w, https:\/\/humance.ca\/wp-content\/uploads\/2026\/03\/Chronique-5-pourquoi-768x405.webp 768w, https:\/\/humance.ca\/wp-content\/uploads\/2026\/03\/Chronique-5-pourquoi-1536x810.webp 1536w, https:\/\/humance.ca\/wp-content\/uploads\/2026\/03\/Chronique-5-pourquoi-2048x1080.webp 2048w, https:\/\/humance.ca\/wp-content\/uploads\/2026\/03\/Chronique-5-pourquoi-150x79.webp 150w\" sizes=\"(max-width: 2560px) 100vw, 2560px\" \/>\t\t\t\t\t\t\t\t<\/a>\n\t\t\t\t\t\t\t\t\t\t\t<figcaption class=\"widget-image-caption wp-caption-text\">Radio-Canada OhDio | Bonjour La C\u00f4te | 20 mai 2026<\/figcaption>\n\t\t\t\t\t\t\t\t\t\t<\/figure>\n\t\t\t\t\t\t\t\t\t<\/div>\n\t\t\t\t<\/div>\n\t\t\t\t\t<\/div>\n\t\t<\/div>\n\t\t\t\t<div class=\"elementor-column elementor-col-50 elementor-top-column elementor-element elementor-element-f2f1fc8\" data-id=\"f2f1fc8\" data-element_type=\"column\" data-e-type=\"column\">\n\t\t\t<div class=\"elementor-widget-wrap elementor-element-populated\">\n\t\t\t\t\t\t<div class=\"elementor-element elementor-element-36e065a elementor-widget elementor-widget-heading\" data-id=\"36e065a\" data-element_type=\"widget\" data-e-type=\"widget\" data-widget_type=\"heading.default\">\n\t\t\t\t<div class=\"elementor-widget-container\">\n\t\t\t\t\t<h2 class=\"elementor-heading-title elementor-size-default\">Pourquoi vos solutions de travail ne tiennent-elles pas?<\/h2>\t\t\t\t<\/div>\n\t\t\t\t<\/div>\n\t\t\t\t<div class=\"elementor-element elementor-element-91aa9ef elementor-widget elementor-widget-text-editor\" data-id=\"91aa9ef\" data-element_type=\"widget\" data-e-type=\"widget\" data-widget_type=\"text-editor.default\">\n\t\t\t\t<div class=\"elementor-widget-container\">\n\t\t\t\t\t\t\t\t\t<p class=\"isSelectedEnd\">Pourquoi certains probl\u00e8mes reviennent-ils malgr\u00e9 les solutions mises en place? Dans le feu de l\u2019action, nous cherchons souvent \u00e0 corriger rapidement ce qui ne fonctionne pas, sans n\u00e9cessairement nous attarder \u00e0 ce qui alimente r\u00e9ellement la situation.<\/p><p>Sur les ondes de Radio-Canada, <a href=\"https:\/\/www.linkedin.com\/in\/laurencegouletcoulombe\/?lipi=urn%3Ali%3Apage%3Ad_flagship3_detail_base%3BtPan1Ec5SHiOkbFg0k4pOg%3D%3D\" target=\"_blank\" rel=\"noopener\">Laurence Goulet-Coulombe<\/a> pr\u00e9sente la m\u00e9thode des \u00ab 5 pourquoi \u00bb, une approche qui permet d\u2019aller au-del\u00e0 des sympt\u00f4mes pour mieux comprendre les causes d\u2019un probl\u00e8me et identifier des pistes d\u2019action plus durables.<\/p>\t\t\t\t\t\t\t\t<\/div>\n\t\t\t\t<\/div>\n\t\t\t\t<div class=\"elementor-element elementor-element-a743a19 elementor-widget elementor-widget-button\" data-id=\"a743a19\" data-element_type=\"widget\" data-e-type=\"widget\" data-widget_type=\"button.default\">\n\t\t\t\t<div class=\"elementor-widget-container\">\n\t\t\t\t\t\t\t\t\t<div class=\"elementor-button-wrapper\">\n\t\t\t\t\t<a class=\"elementor-button elementor-button-link elementor-size-xs\" href=\"https:\/\/ici.radio-canada.ca\/ohdio\/premiere\/emissions\/bonjour-la-cote\/segments\/rattrapage\/2379662\/pourquoi-vos-solutions-travail-ne-tiennent-elles-pas\" target=\"_blank\">\n\t\t\t\t\t\t<span class=\"elementor-button-content-wrapper\">\n\t\t\t\t\t\t\t\t\t<span class=\"elementor-button-text\">\u00c9couter l'entrevue compl\u00e8te<\/span>\n\t\t\t\t\t<\/span>\n\t\t\t\t\t<\/a>\n\t\t\t\t<\/div>\n\t\t\t\t\t\t\t\t<\/div>\n\t\t\t\t<\/div>\n\t\t\t\t\t<\/div>\n\t\t<\/div>\n\t\t\t\t\t<\/div>\n\t\t<\/section>\n\t\t\t\t<section class=\"elementor-section elementor-top-section elementor-element elementor-element-d03c704 elementor-section-boxed elementor-section-height-default elementor-section-height-default\" data-id=\"d03c704\" data-element_type=\"section\" data-e-type=\"section\" data-settings=\"{&quot;jet_parallax_layout_list&quot;:[]}\">\n\t\t\t\t\t\t<div class=\"elementor-container elementor-column-gap-default\">\n\t\t\t\t\t<div class=\"elementor-column elementor-col-100 elementor-top-column elementor-element elementor-element-7c12be5\" data-id=\"7c12be5\" data-element_type=\"column\" data-e-type=\"column\">\n\t\t\t<div class=\"elementor-widget-wrap elementor-element-populated\">\n\t\t\t\t\t\t<div class=\"elementor-element elementor-element-8a20d26 elementor-widget-divider--view-line elementor-widget elementor-widget-divider\" data-id=\"8a20d26\" data-element_type=\"widget\" data-e-type=\"widget\" data-widget_type=\"divider.default\">\n\t\t\t\t<div class=\"elementor-widget-container\">\n\t\t\t\t\t\t\t<div class=\"elementor-divider\">\n\t\t\t<span class=\"elementor-divider-separator\">\n\t\t\t\t\t\t<\/span>\n\t\t<\/div>\n\t\t\t\t\t\t<\/div>\n\t\t\t\t<\/div>\n\t\t\t\t\t<\/div>\n\t\t<\/div>\n\t\t\t\t\t<\/div>\n\t\t<\/section>\n\t\t\t\t<section class=\"elementor-section elementor-top-section elementor-element elementor-element-316be2f elementor-section-boxed elementor-section-height-default elementor-section-height-default\" data-id=\"316be2f\" data-element_type=\"section\" data-e-type=\"section\" data-settings=\"{&quot;jet_parallax_layout_list&quot;:[]}\">\n\t\t\t\t\t\t<div class=\"elementor-container elementor-column-gap-default\">\n\t\t\t\t\t<div class=\"elementor-column elementor-col-50 elementor-top-column elementor-element elementor-element-9e08c3f\" data-id=\"9e08c3f\" data-element_type=\"column\" data-e-type=\"column\">\n\t\t\t<div class=\"elementor-widget-wrap elementor-element-populated\">\n\t\t\t\t\t\t<div class=\"elementor-element elementor-element-b89e31c elementor-widget elementor-widget-image\" data-id=\"b89e31c\" data-element_type=\"widget\" data-e-type=\"widget\" data-widget_type=\"image.default\">\n\t\t\t\t<div class=\"elementor-widget-container\">\n\t\t\t\t\t\t\t\t\t\t\t\t<figure class=\"wp-caption\">\n\t\t\t\t\t\t\t\t\t\t\t<a href=\"https:\/\/ici.radio-canada.ca\/ohdio\/premiere\/emissions\/bonjour-la-cote\/segments\/rattrapage\/2367871\/pourquoi-gerer-son-energie-vaut-mieux-que-gerer-son-temps\" target=\"_blank\">\n\t\t\t\t\t\t\t<img loading=\"lazy\" decoding=\"async\" width=\"1920\" height=\"1280\" src=\"https:\/\/humance.ca\/wp-content\/uploads\/2026\/03\/1fbf26c5-47db-4d06-86b1-ad736c030bdf.webp\" class=\"attachment-full size-full wp-image-60673\" alt=\"\" srcset=\"https:\/\/humance.ca\/wp-content\/uploads\/2026\/03\/1fbf26c5-47db-4d06-86b1-ad736c030bdf.webp 1920w, https:\/\/humance.ca\/wp-content\/uploads\/2026\/03\/1fbf26c5-47db-4d06-86b1-ad736c030bdf-300x200.webp 300w, https:\/\/humance.ca\/wp-content\/uploads\/2026\/03\/1fbf26c5-47db-4d06-86b1-ad736c030bdf-1024x683.webp 1024w, https:\/\/humance.ca\/wp-content\/uploads\/2026\/03\/1fbf26c5-47db-4d06-86b1-ad736c030bdf-768x512.webp 768w, https:\/\/humance.ca\/wp-content\/uploads\/2026\/03\/1fbf26c5-47db-4d06-86b1-ad736c030bdf-1536x1024.webp 1536w, https:\/\/humance.ca\/wp-content\/uploads\/2026\/03\/1fbf26c5-47db-4d06-86b1-ad736c030bdf-150x100.webp 150w\" sizes=\"(max-width: 1920px) 100vw, 1920px\" \/>\t\t\t\t\t\t\t\t<\/a>\n\t\t\t\t\t\t\t\t\t\t\t<figcaption class=\"widget-image-caption wp-caption-text\">Radio-Canada OhDio | Bonjour La C\u00f4te | 6 mai 2026<\/figcaption>\n\t\t\t\t\t\t\t\t\t\t<\/figure>\n\t\t\t\t\t\t\t\t\t<\/div>\n\t\t\t\t<\/div>\n\t\t\t\t\t<\/div>\n\t\t<\/div>\n\t\t\t\t<div class=\"elementor-column elementor-col-50 elementor-top-column elementor-element elementor-element-314f9e7\" data-id=\"314f9e7\" data-element_type=\"column\" data-e-type=\"column\">\n\t\t\t<div class=\"elementor-widget-wrap elementor-element-populated\">\n\t\t\t\t\t\t<div class=\"elementor-element elementor-element-8e72119 elementor-widget elementor-widget-heading\" data-id=\"8e72119\" data-element_type=\"widget\" data-e-type=\"widget\" data-widget_type=\"heading.default\">\n\t\t\t\t<div class=\"elementor-widget-container\">\n\t\t\t\t\t<h2 class=\"elementor-heading-title elementor-size-default\">Pourquoi g\u00e9rer son \u00e9nergie vaut mieux que g\u00e9rer son temps?<\/h2>\t\t\t\t<\/div>\n\t\t\t\t<\/div>\n\t\t\t\t<div class=\"elementor-element elementor-element-1ad9bcb elementor-widget elementor-widget-text-editor\" data-id=\"1ad9bcb\" data-element_type=\"widget\" data-e-type=\"widget\" data-widget_type=\"text-editor.default\">\n\t\t\t\t<div class=\"elementor-widget-container\">\n\t\t\t\t\t\t\t\t\t<p class=\"isSelectedEnd\">Dans un contexte o\u00f9 tout s\u2019acc\u00e9l\u00e8re, mieux g\u00e9rer son temps ne suffit pas toujours \u00e0 soutenir sa performance. Reconna\u00eetre ses niveaux d\u2019attention, ses besoins de r\u00e9cup\u00e9ration et les sources qui nourrissent son \u00e9nergie permet d\u2019adopter des habitudes de travail plus durables.<\/p><p>Sur les ondes de Radio-Canada, <a href=\"https:\/\/www.linkedin.com\/in\/serge39\/?lipi=urn%3Ali%3Apage%3Ad_flagship3_detail_base%3Bp8MwTV6rSL%2B%2B9peW2q9yhw%3D%3D\" target=\"_blank\" rel=\"noopener\">Serge Ekedi<\/a> propose de repenser notre rapport \u00e0 la performance en misant sur une meilleure gestion de notre \u00e9nergie, au b\u00e9n\u00e9fice de notre bien-\u00eatre et de notre efficacit\u00e9 au travail.<\/p>\t\t\t\t\t\t\t\t<\/div>\n\t\t\t\t<\/div>\n\t\t\t\t<div class=\"elementor-element elementor-element-c5152c5 elementor-widget elementor-widget-button\" data-id=\"c5152c5\" data-element_type=\"widget\" data-e-type=\"widget\" data-widget_type=\"button.default\">\n\t\t\t\t<div class=\"elementor-widget-container\">\n\t\t\t\t\t\t\t\t\t<div class=\"elementor-button-wrapper\">\n\t\t\t\t\t<a class=\"elementor-button elementor-button-link elementor-size-xs\" href=\"https:\/\/ici.radio-canada.ca\/ohdio\/premiere\/emissions\/bonjour-la-cote\/segments\/rattrapage\/2367871\/pourquoi-gerer-son-energie-vaut-mieux-que-gerer-son-temps\" target=\"_blank\">\n\t\t\t\t\t\t<span class=\"elementor-button-content-wrapper\">\n\t\t\t\t\t\t\t\t\t<span class=\"elementor-button-text\">\u00c9couter l'entrevue compl\u00e8te<\/span>\n\t\t\t\t\t<\/span>\n\t\t\t\t\t<\/a>\n\t\t\t\t<\/div>\n\t\t\t\t\t\t\t\t<\/div>\n\t\t\t\t<\/div>\n\t\t\t\t\t<\/div>\n\t\t<\/div>\n\t\t\t\t\t<\/div>\n\t\t<\/section>\n\t\t\t\t<section class=\"elementor-section elementor-top-section elementor-element elementor-element-927e954 elementor-section-boxed elementor-section-height-default elementor-section-height-default\" data-id=\"927e954\" data-element_type=\"section\" data-e-type=\"section\" data-settings=\"{&quot;jet_parallax_layout_list&quot;:[]}\">\n\t\t\t\t\t\t<div class=\"elementor-container elementor-column-gap-default\">\n\t\t\t\t\t<div class=\"elementor-column elementor-col-100 elementor-top-column elementor-element elementor-element-40b7dd2\" data-id=\"40b7dd2\" data-element_type=\"column\" data-e-type=\"column\">\n\t\t\t<div class=\"elementor-widget-wrap elementor-element-populated\">\n\t\t\t\t\t\t<div class=\"elementor-element elementor-element-0e9d64c elementor-widget-divider--view-line elementor-widget elementor-widget-divider\" data-id=\"0e9d64c\" data-element_type=\"widget\" data-e-type=\"widget\" data-widget_type=\"divider.default\">\n\t\t\t\t<div class=\"elementor-widget-container\">\n\t\t\t\t\t\t\t<div class=\"elementor-divider\">\n\t\t\t<span class=\"elementor-divider-separator\">\n\t\t\t\t\t\t<\/span>\n\t\t<\/div>\n\t\t\t\t\t\t<\/div>\n\t\t\t\t<\/div>\n\t\t\t\t\t<\/div>\n\t\t<\/div>\n\t\t\t\t\t<\/div>\n\t\t<\/section>\n\t\t\t\t<section class=\"elementor-section elementor-top-section elementor-element elementor-element-ec5cb31 elementor-section-boxed elementor-section-height-default elementor-section-height-default\" data-id=\"ec5cb31\" data-element_type=\"section\" data-e-type=\"section\" data-settings=\"{&quot;jet_parallax_layout_list&quot;:[]}\">\n\t\t\t\t\t\t<div class=\"elementor-container elementor-column-gap-default\">\n\t\t\t\t\t<div class=\"elementor-column elementor-col-50 elementor-top-column elementor-element elementor-element-db71bb5\" data-id=\"db71bb5\" data-element_type=\"column\" data-e-type=\"column\">\n\t\t\t<div class=\"elementor-widget-wrap elementor-element-populated\">\n\t\t\t\t\t\t<div class=\"elementor-element elementor-element-56d94f7 elementor-widget elementor-widget-image\" data-id=\"56d94f7\" data-element_type=\"widget\" data-e-type=\"widget\" data-widget_type=\"image.default\">\n\t\t\t\t<div class=\"elementor-widget-container\">\n\t\t\t\t\t\t\t\t\t\t\t\t<figure class=\"wp-caption\">\n\t\t\t\t\t\t\t\t\t\t\t<a href=\"https:\/\/ici.radio-canada.ca\/ohdio\/premiere\/emissions\/bonjour-la-cote\/segments\/rattrapage\/2355664\/changer-son-etat-esprit-pour-reellement-progresser-au-travail\" target=\"_blank\">\n\t\t\t\t\t\t\t<img loading=\"lazy\" decoding=\"async\" width=\"1000\" height=\"563\" src=\"https:\/\/humance.ca\/wp-content\/uploads\/2026\/03\/travail-equipe-discussion.webp\" class=\"attachment-full size-full wp-image-60675\" alt=\"\" srcset=\"https:\/\/humance.ca\/wp-content\/uploads\/2026\/03\/travail-equipe-discussion.webp 1000w, https:\/\/humance.ca\/wp-content\/uploads\/2026\/03\/travail-equipe-discussion-300x169.webp 300w, https:\/\/humance.ca\/wp-content\/uploads\/2026\/03\/travail-equipe-discussion-768x432.webp 768w, https:\/\/humance.ca\/wp-content\/uploads\/2026\/03\/travail-equipe-discussion-150x84.webp 150w\" sizes=\"(max-width: 1000px) 100vw, 1000px\" \/>\t\t\t\t\t\t\t\t<\/a>\n\t\t\t\t\t\t\t\t\t\t\t<figcaption class=\"widget-image-caption wp-caption-text\">Radio-Canada OhDio | Bonjour La C\u00f4te | 22 avril 2026<\/figcaption>\n\t\t\t\t\t\t\t\t\t\t<\/figure>\n\t\t\t\t\t\t\t\t\t<\/div>\n\t\t\t\t<\/div>\n\t\t\t\t\t<\/div>\n\t\t<\/div>\n\t\t\t\t<div class=\"elementor-column elementor-col-50 elementor-top-column elementor-element elementor-element-8a728a9\" data-id=\"8a728a9\" data-element_type=\"column\" data-e-type=\"column\">\n\t\t\t<div class=\"elementor-widget-wrap elementor-element-populated\">\n\t\t\t\t\t\t<div class=\"elementor-element elementor-element-f43068e elementor-widget elementor-widget-heading\" data-id=\"f43068e\" data-element_type=\"widget\" data-e-type=\"widget\" data-widget_type=\"heading.default\">\n\t\t\t\t<div class=\"elementor-widget-container\">\n\t\t\t\t\t<h2 class=\"elementor-heading-title elementor-size-default\">Changer son \u00e9tat d\u2019esprit pour r\u00e9ellement progresser au travail<\/h2>\t\t\t\t<\/div>\n\t\t\t\t<\/div>\n\t\t\t\t<div class=\"elementor-element elementor-element-f55aa2f elementor-widget elementor-widget-text-editor\" data-id=\"f55aa2f\" data-element_type=\"widget\" data-e-type=\"widget\" data-widget_type=\"text-editor.default\">\n\t\t\t\t<div class=\"elementor-widget-container\">\n\t\t\t\t\t\t\t\t\t<p class=\"isSelectedEnd\">Pourquoi a-t-on parfois l\u2019impression de stagner malgr\u00e9 les efforts investis dans son d\u00e9veloppement? Au-del\u00e0 des formations, progresser passe aussi par les d\u00e9fis du quotidien, les interactions et notre capacit\u00e9 \u00e0 apprendre de nos exp\u00e9riences.<\/p><p>Sur les ondes de Radio-Canada, <a href=\"https:\/\/www.linkedin.com\/in\/carolinerollin\/?lipi=urn%3Ali%3Apage%3Ad_flagship3_detail_base%3BLzrziQ3TQluf39kCeTvzSg%3D%3D\" target=\"_blank\" rel=\"noopener\">Caroline Rollin<\/a> explore les conditions qui favorisent un d\u00e9veloppement durable, de l\u2019\u00e9tat d\u2019esprit de croissance au r\u00f4le des forces et de la s\u00e9curit\u00e9 psychologique dans notre capacit\u00e9 \u00e0 apprendre et \u00e0 \u00e9voluer.<\/p>\t\t\t\t\t\t\t\t<\/div>\n\t\t\t\t<\/div>\n\t\t\t\t<div class=\"elementor-element elementor-element-75922bd elementor-widget elementor-widget-button\" data-id=\"75922bd\" data-element_type=\"widget\" data-e-type=\"widget\" data-widget_type=\"button.default\">\n\t\t\t\t<div class=\"elementor-widget-container\">\n\t\t\t\t\t\t\t\t\t<div class=\"elementor-button-wrapper\">\n\t\t\t\t\t<a class=\"elementor-button elementor-button-link elementor-size-xs\" href=\"https:\/\/ici.radio-canada.ca\/ohdio\/premiere\/emissions\/bonjour-la-cote\/segments\/rattrapage\/2355664\/changer-son-etat-esprit-pour-reellement-progresser-au-travail\" target=\"_blank\">\n\t\t\t\t\t\t<span class=\"elementor-button-content-wrapper\">\n\t\t\t\t\t\t\t\t\t<span class=\"elementor-button-text\">\u00c9couter l'entrevue compl\u00e8te<\/span>\n\t\t\t\t\t<\/span>\n\t\t\t\t\t<\/a>\n\t\t\t\t<\/div>\n\t\t\t\t\t\t\t\t<\/div>\n\t\t\t\t<\/div>\n\t\t\t\t\t<\/div>\n\t\t<\/div>\n\t\t\t\t\t<\/div>\n\t\t<\/section>\n\t\t\t\t<section class=\"elementor-section elementor-top-section elementor-element elementor-element-50bed57 elementor-section-boxed elementor-section-height-default elementor-section-height-default\" data-id=\"50bed57\" data-element_type=\"section\" data-e-type=\"section\" data-settings=\"{&quot;jet_parallax_layout_list&quot;:[]}\">\n\t\t\t\t\t\t<div class=\"elementor-container elementor-column-gap-default\">\n\t\t\t\t\t<div class=\"elementor-column elementor-col-100 elementor-top-column elementor-element elementor-element-06be0d7\" data-id=\"06be0d7\" data-element_type=\"column\" data-e-type=\"column\">\n\t\t\t<div class=\"elementor-widget-wrap elementor-element-populated\">\n\t\t\t\t\t\t<div class=\"elementor-element elementor-element-ea05187 elementor-widget-divider--view-line elementor-widget elementor-widget-divider\" data-id=\"ea05187\" data-element_type=\"widget\" data-e-type=\"widget\" data-widget_type=\"divider.default\">\n\t\t\t\t<div class=\"elementor-widget-container\">\n\t\t\t\t\t\t\t<div class=\"elementor-divider\">\n\t\t\t<span class=\"elementor-divider-separator\">\n\t\t\t\t\t\t<\/span>\n\t\t<\/div>\n\t\t\t\t\t\t<\/div>\n\t\t\t\t<\/div>\n\t\t\t\t\t<\/div>\n\t\t<\/div>\n\t\t\t\t\t<\/div>\n\t\t<\/section>\n\t\t\t\t<section class=\"elementor-section elementor-top-section elementor-element elementor-element-d5267b0 elementor-section-boxed elementor-section-height-default elementor-section-height-default\" data-id=\"d5267b0\" data-element_type=\"section\" data-e-type=\"section\" data-settings=\"{&quot;jet_parallax_layout_list&quot;:[]}\">\n\t\t\t\t\t\t<div class=\"elementor-container elementor-column-gap-default\">\n\t\t\t\t\t<div class=\"elementor-column elementor-col-50 elementor-top-column elementor-element elementor-element-32ed302\" data-id=\"32ed302\" data-element_type=\"column\" data-e-type=\"column\">\n\t\t\t<div class=\"elementor-widget-wrap elementor-element-populated\">\n\t\t\t\t\t\t<div class=\"elementor-element elementor-element-debc868 elementor-widget elementor-widget-image\" data-id=\"debc868\" data-element_type=\"widget\" data-e-type=\"widget\" data-widget_type=\"image.default\">\n\t\t\t\t<div class=\"elementor-widget-container\">\n\t\t\t\t\t\t\t\t\t\t\t\t<figure class=\"wp-caption\">\n\t\t\t\t\t\t\t\t\t\t\t<a href=\"https:\/\/ici.radio-canada.ca\/ohdio\/premiere\/emissions\/bonjour-la-cote\/segments\/rattrapage\/2343371\/comment-annoncer-une-mauvaise-nouvelle\" target=\"_blank\">\n\t\t\t\t\t\t\t<img loading=\"lazy\" decoding=\"async\" width=\"1000\" height=\"562\" src=\"https:\/\/humance.ca\/wp-content\/uploads\/2026\/03\/mauvaise-nouvelle-travail-humance.webp\" class=\"attachment-full size-full wp-image-60670\" alt=\"\" srcset=\"https:\/\/humance.ca\/wp-content\/uploads\/2026\/03\/mauvaise-nouvelle-travail-humance.webp 1000w, https:\/\/humance.ca\/wp-content\/uploads\/2026\/03\/mauvaise-nouvelle-travail-humance-300x169.webp 300w, https:\/\/humance.ca\/wp-content\/uploads\/2026\/03\/mauvaise-nouvelle-travail-humance-768x432.webp 768w, https:\/\/humance.ca\/wp-content\/uploads\/2026\/03\/mauvaise-nouvelle-travail-humance-150x84.webp 150w\" sizes=\"(max-width: 1000px) 100vw, 1000px\" \/>\t\t\t\t\t\t\t\t<\/a>\n\t\t\t\t\t\t\t\t\t\t\t<figcaption class=\"widget-image-caption wp-caption-text\">Radio-Canada OhDio | Bonjour La C\u00f4te | 8 avril 2026<\/figcaption>\n\t\t\t\t\t\t\t\t\t\t<\/figure>\n\t\t\t\t\t\t\t\t\t<\/div>\n\t\t\t\t<\/div>\n\t\t\t\t\t<\/div>\n\t\t<\/div>\n\t\t\t\t<div class=\"elementor-column elementor-col-50 elementor-top-column elementor-element elementor-element-817422c\" data-id=\"817422c\" data-element_type=\"column\" data-e-type=\"column\">\n\t\t\t<div class=\"elementor-widget-wrap elementor-element-populated\">\n\t\t\t\t\t\t<div class=\"elementor-element elementor-element-6159de1 elementor-widget elementor-widget-heading\" data-id=\"6159de1\" data-element_type=\"widget\" data-e-type=\"widget\" data-widget_type=\"heading.default\">\n\t\t\t\t<div class=\"elementor-widget-container\">\n\t\t\t\t\t<h2 class=\"elementor-heading-title elementor-size-default\">Comment annoncer une mauvaise nouvelle?<\/h2>\t\t\t\t<\/div>\n\t\t\t\t<\/div>\n\t\t\t\t<div class=\"elementor-element elementor-element-bf8e756 elementor-widget elementor-widget-text-editor\" data-id=\"bf8e756\" data-element_type=\"widget\" data-e-type=\"widget\" data-widget_type=\"text-editor.default\">\n\t\t\t\t<div class=\"elementor-widget-container\">\n\t\t\t\t\t\t\t\t\t<p class=\"isSelectedEnd\">Annoncer une mauvaise nouvelle est un exercice d\u00e9licat pour les gestionnaires. Par souci de bien faire, il peut \u00eatre tentant d\u2019adoucir le message ou de multiplier les explications. Pourtant, le manque de clart\u00e9 risque surtout d\u2019alimenter l\u2019incertitude et de fragiliser la confiance.<\/p><p>Sur les ondes de Radio-Canada, <a href=\"https:\/\/lnkd.in\/e3sK2QjD\">Jennifer Gabriele<\/a> partage des rep\u00e8res concrets pour aborder ces conversations avec clart\u00e9 et humanit\u00e9, tout en pr\u00e9servant la confiance et la mobilisation de l\u2019\u00e9quipe.<\/p>\t\t\t\t\t\t\t\t<\/div>\n\t\t\t\t<\/div>\n\t\t\t\t<div class=\"elementor-element elementor-element-5546b49 elementor-widget elementor-widget-button\" data-id=\"5546b49\" data-element_type=\"widget\" data-e-type=\"widget\" data-widget_type=\"button.default\">\n\t\t\t\t<div class=\"elementor-widget-container\">\n\t\t\t\t\t\t\t\t\t<div class=\"elementor-button-wrapper\">\n\t\t\t\t\t<a class=\"elementor-button elementor-button-link elementor-size-xs\" href=\"https:\/\/ici.radio-canada.ca\/ohdio\/premiere\/emissions\/bonjour-la-cote\/segments\/rattrapage\/2343371\/comment-annoncer-une-mauvaise-nouvelle\" target=\"_blank\">\n\t\t\t\t\t\t<span class=\"elementor-button-content-wrapper\">\n\t\t\t\t\t\t\t\t\t<span class=\"elementor-button-text\">\u00c9couter l'entrevue compl\u00e8te<\/span>\n\t\t\t\t\t<\/span>\n\t\t\t\t\t<\/a>\n\t\t\t\t<\/div>\n\t\t\t\t\t\t\t\t<\/div>\n\t\t\t\t<\/div>\n\t\t\t\t\t<\/div>\n\t\t<\/div>\n\t\t\t\t\t<\/div>\n\t\t<\/section>\n\t\t\t\t<section class=\"elementor-section elementor-top-section elementor-element elementor-element-96c00e1 elementor-section-boxed elementor-section-height-default elementor-section-height-default\" data-id=\"96c00e1\" data-element_type=\"section\" data-e-type=\"section\" data-settings=\"{&quot;jet_parallax_layout_list&quot;:[]}\">\n\t\t\t\t\t\t<div class=\"elementor-container elementor-column-gap-default\">\n\t\t\t\t\t<div class=\"elementor-column elementor-col-100 elementor-top-column elementor-element elementor-element-6478316\" data-id=\"6478316\" data-element_type=\"column\" data-e-type=\"column\">\n\t\t\t<div class=\"elementor-widget-wrap elementor-element-populated\">\n\t\t\t\t\t\t<div class=\"elementor-element elementor-element-b9bae5d elementor-widget-divider--view-line elementor-widget elementor-widget-divider\" data-id=\"b9bae5d\" data-element_type=\"widget\" data-e-type=\"widget\" data-widget_type=\"divider.default\">\n\t\t\t\t<div class=\"elementor-widget-container\">\n\t\t\t\t\t\t\t<div class=\"elementor-divider\">\n\t\t\t<span class=\"elementor-divider-separator\">\n\t\t\t\t\t\t<\/span>\n\t\t<\/div>\n\t\t\t\t\t\t<\/div>\n\t\t\t\t<\/div>\n\t\t\t\t\t<\/div>\n\t\t<\/div>\n\t\t\t\t\t<\/div>\n\t\t<\/section>\n\t\t\t\t<section class=\"elementor-section elementor-top-section elementor-element elementor-element-b434d1a elementor-section-boxed elementor-section-height-default elementor-section-height-default\" data-id=\"b434d1a\" data-element_type=\"section\" data-e-type=\"section\" data-settings=\"{&quot;jet_parallax_layout_list&quot;:[]}\">\n\t\t\t\t\t\t<div class=\"elementor-container elementor-column-gap-default\">\n\t\t\t\t\t<div class=\"elementor-column elementor-col-50 elementor-top-column elementor-element elementor-element-b2dc8b5\" data-id=\"b2dc8b5\" data-element_type=\"column\" data-e-type=\"column\">\n\t\t\t<div class=\"elementor-widget-wrap elementor-element-populated\">\n\t\t\t\t\t\t<div class=\"elementor-element elementor-element-885a0f3 elementor-widget elementor-widget-image\" data-id=\"885a0f3\" data-element_type=\"widget\" data-e-type=\"widget\" data-widget_type=\"image.default\">\n\t\t\t\t<div class=\"elementor-widget-container\">\n\t\t\t\t\t\t\t\t\t\t\t\t<figure class=\"wp-caption\">\n\t\t\t\t\t\t\t\t\t\t\t<a href=\"https:\/\/ici.radio-canada.ca\/ohdio\/premiere\/emissions\/bonjour-la-cote\/segments\/rattrapage\/2332356\/stress-et-anxiete-une-question-perspective-et-deresponsabilite-partagee\" target=\"_blank\">\n\t\t\t\t\t\t\t<img loading=\"lazy\" decoding=\"async\" width=\"2121\" height=\"1414\" src=\"https:\/\/humance.ca\/wp-content\/uploads\/2026\/03\/Chronique_Eve-Marie-Poulin_25-mars.webp\" class=\"attachment-full size-full wp-image-58333\" alt=\"\" srcset=\"https:\/\/humance.ca\/wp-content\/uploads\/2026\/03\/Chronique_Eve-Marie-Poulin_25-mars.webp 2121w, https:\/\/humance.ca\/wp-content\/uploads\/2026\/03\/Chronique_Eve-Marie-Poulin_25-mars-300x200.webp 300w, https:\/\/humance.ca\/wp-content\/uploads\/2026\/03\/Chronique_Eve-Marie-Poulin_25-mars-1024x683.webp 1024w, https:\/\/humance.ca\/wp-content\/uploads\/2026\/03\/Chronique_Eve-Marie-Poulin_25-mars-768x512.webp 768w, https:\/\/humance.ca\/wp-content\/uploads\/2026\/03\/Chronique_Eve-Marie-Poulin_25-mars-1536x1024.webp 1536w, https:\/\/humance.ca\/wp-content\/uploads\/2026\/03\/Chronique_Eve-Marie-Poulin_25-mars-2048x1365.webp 2048w, https:\/\/humance.ca\/wp-content\/uploads\/2026\/03\/Chronique_Eve-Marie-Poulin_25-mars-150x100.webp 150w\" sizes=\"(max-width: 2121px) 100vw, 2121px\" \/>\t\t\t\t\t\t\t\t<\/a>\n\t\t\t\t\t\t\t\t\t\t\t<figcaption class=\"widget-image-caption wp-caption-text\">Radio-Canada OhDio | Bonjour La C\u00f4te | 25 mars 2026<\/figcaption>\n\t\t\t\t\t\t\t\t\t\t<\/figure>\n\t\t\t\t\t\t\t\t\t<\/div>\n\t\t\t\t<\/div>\n\t\t\t\t\t<\/div>\n\t\t<\/div>\n\t\t\t\t<div class=\"elementor-column elementor-col-50 elementor-top-column elementor-element elementor-element-7a972a2\" data-id=\"7a972a2\" data-element_type=\"column\" data-e-type=\"column\">\n\t\t\t<div class=\"elementor-widget-wrap elementor-element-populated\">\n\t\t\t\t\t\t<div class=\"elementor-element elementor-element-5e4a618 elementor-widget elementor-widget-heading\" data-id=\"5e4a618\" data-element_type=\"widget\" data-e-type=\"widget\" data-widget_type=\"heading.default\">\n\t\t\t\t<div class=\"elementor-widget-container\">\n\t\t\t\t\t<h2 class=\"elementor-heading-title elementor-size-default\">Stress et anxi\u00e9t\u00e9: une question de perspective et de responsabilit\u00e9 partag\u00e9e<\/h2>\t\t\t\t<\/div>\n\t\t\t\t<\/div>\n\t\t\t\t<div class=\"elementor-element elementor-element-cf44129 elementor-widget elementor-widget-text-editor\" data-id=\"cf44129\" data-element_type=\"widget\" data-e-type=\"widget\" data-widget_type=\"text-editor.default\">\n\t\t\t\t<div class=\"elementor-widget-container\">\n\t\t\t\t\t\t\t\t\t<p data-start=\"137\" data-end=\"466\">De passage \u00e0 Radio-Canada, <a href=\"https:\/\/www.linkedin.com\/in\/%C3%A8ve-marie-poulin-ph-d-a2596531\/?lipi=urn%3Ali%3Apage%3Aorganization_admin_admin_page_posts_published%3B366a7dda-654a-4a86-a526-038ddd66069d\" target=\"_blank\" rel=\"noopener\">\u00c8ve-Marie Poulin<\/a> propose une lecture nuanc\u00e9e du stress au travail. Elle rappelle que celui-ci ne d\u00e9pend pas uniquement des situations v\u00e9cues, mais aussi de la mani\u00e8re dont elles sont per\u00e7ues \u2014 une r\u00e9alit\u00e9 influenc\u00e9e par le parcours, les ressources et le contexte de chacun.<\/p><p data-start=\"473\" data-end=\"720\">Mais l\u2019individu n\u2019est pas seul en cause. Clart\u00e9 des attentes, charge de travail, reconnaissance des limites et ouverture au dialogue : les organisations jouent un r\u00f4le d\u00e9terminant dans la fa\u00e7on dont le stress se d\u00e9veloppe et se vit au quotidien.<\/p>\t\t\t\t\t\t\t\t<\/div>\n\t\t\t\t<\/div>\n\t\t\t\t<div class=\"elementor-element elementor-element-4a5acab elementor-widget elementor-widget-button\" data-id=\"4a5acab\" data-element_type=\"widget\" data-e-type=\"widget\" data-widget_type=\"button.default\">\n\t\t\t\t<div class=\"elementor-widget-container\">\n\t\t\t\t\t\t\t\t\t<div class=\"elementor-button-wrapper\">\n\t\t\t\t\t<a class=\"elementor-button elementor-button-link elementor-size-xs\" href=\"https:\/\/ici.radio-canada.ca\/ohdio\/premiere\/emissions\/bonjour-la-cote\/segments\/rattrapage\/2332356\/stress-et-anxiete-une-question-perspective-et-deresponsabilite-partagee\" target=\"_blank\">\n\t\t\t\t\t\t<span class=\"elementor-button-content-wrapper\">\n\t\t\t\t\t\t\t\t\t<span class=\"elementor-button-text\">\u00c9couter l'entrevue compl\u00e8te<\/span>\n\t\t\t\t\t<\/span>\n\t\t\t\t\t<\/a>\n\t\t\t\t<\/div>\n\t\t\t\t\t\t\t\t<\/div>\n\t\t\t\t<\/div>\n\t\t\t\t\t<\/div>\n\t\t<\/div>\n\t\t\t\t\t<\/div>\n\t\t<\/section>\n\t\t\t\t<section class=\"elementor-section elementor-top-section elementor-element elementor-element-192a8cd elementor-section-boxed elementor-section-height-default elementor-section-height-default\" data-id=\"192a8cd\" data-element_type=\"section\" data-e-type=\"section\" data-settings=\"{&quot;jet_parallax_layout_list&quot;:[]}\">\n\t\t\t\t\t\t<div class=\"elementor-container elementor-column-gap-default\">\n\t\t\t\t\t<div class=\"elementor-column elementor-col-100 elementor-top-column elementor-element elementor-element-47e54f6\" data-id=\"47e54f6\" data-element_type=\"column\" data-e-type=\"column\">\n\t\t\t<div class=\"elementor-widget-wrap elementor-element-populated\">\n\t\t\t\t\t\t<div class=\"elementor-element elementor-element-f054511 elementor-widget-divider--view-line elementor-widget elementor-widget-divider\" data-id=\"f054511\" data-element_type=\"widget\" data-e-type=\"widget\" data-widget_type=\"divider.default\">\n\t\t\t\t<div class=\"elementor-widget-container\">\n\t\t\t\t\t\t\t<div class=\"elementor-divider\">\n\t\t\t<span class=\"elementor-divider-separator\">\n\t\t\t\t\t\t<\/span>\n\t\t<\/div>\n\t\t\t\t\t\t<\/div>\n\t\t\t\t<\/div>\n\t\t\t\t\t<\/div>\n\t\t<\/div>\n\t\t\t\t\t<\/div>\n\t\t<\/section>\n\t\t\t\t<section class=\"elementor-section elementor-top-section elementor-element elementor-element-cfbb242 elementor-section-boxed elementor-section-height-default elementor-section-height-default\" data-id=\"cfbb242\" data-element_type=\"section\" data-e-type=\"section\" data-settings=\"{&quot;jet_parallax_layout_list&quot;:[]}\">\n\t\t\t\t\t\t<div class=\"elementor-container elementor-column-gap-default\">\n\t\t\t\t\t<div class=\"elementor-column elementor-col-50 elementor-top-column elementor-element elementor-element-edff749\" data-id=\"edff749\" data-element_type=\"column\" data-e-type=\"column\">\n\t\t\t<div class=\"elementor-widget-wrap elementor-element-populated\">\n\t\t\t\t\t\t<div class=\"elementor-element elementor-element-a2d76f0 elementor-widget elementor-widget-image\" data-id=\"a2d76f0\" data-element_type=\"widget\" data-e-type=\"widget\" data-widget_type=\"image.default\">\n\t\t\t\t<div class=\"elementor-widget-container\">\n\t\t\t\t\t\t\t\t\t\t\t\t<figure class=\"wp-caption\">\n\t\t\t\t\t\t\t\t\t\t\t<a href=\"https:\/\/ici.radio-canada.ca\/ohdio\/premiere\/emissions\/bonjour-la-cote\/segments\/rattrapage\/2308227\/comment-gerer-conflits-et-tensions\" target=\"_blank\">\n\t\t\t\t\t\t\t<img loading=\"lazy\" decoding=\"async\" width=\"2121\" height=\"1414\" src=\"https:\/\/humance.ca\/wp-content\/uploads\/2026\/03\/Chronique_Mathieu-Guilbert_25-fevrier.webp\" class=\"attachment-full size-full wp-image-58075\" alt=\"\" srcset=\"https:\/\/humance.ca\/wp-content\/uploads\/2026\/03\/Chronique_Mathieu-Guilbert_25-fevrier.webp 2121w, https:\/\/humance.ca\/wp-content\/uploads\/2026\/03\/Chronique_Mathieu-Guilbert_25-fevrier-300x200.webp 300w, https:\/\/humance.ca\/wp-content\/uploads\/2026\/03\/Chronique_Mathieu-Guilbert_25-fevrier-1024x683.webp 1024w, https:\/\/humance.ca\/wp-content\/uploads\/2026\/03\/Chronique_Mathieu-Guilbert_25-fevrier-768x512.webp 768w, https:\/\/humance.ca\/wp-content\/uploads\/2026\/03\/Chronique_Mathieu-Guilbert_25-fevrier-1536x1024.webp 1536w, https:\/\/humance.ca\/wp-content\/uploads\/2026\/03\/Chronique_Mathieu-Guilbert_25-fevrier-2048x1365.webp 2048w, https:\/\/humance.ca\/wp-content\/uploads\/2026\/03\/Chronique_Mathieu-Guilbert_25-fevrier-150x100.webp 150w\" sizes=\"(max-width: 2121px) 100vw, 2121px\" \/>\t\t\t\t\t\t\t\t<\/a>\n\t\t\t\t\t\t\t\t\t\t\t<figcaption class=\"widget-image-caption wp-caption-text\">Radio-Canada OhDio | Bonjour La C\u00f4te | 25 f\u00e9vrier 2026<\/figcaption>\n\t\t\t\t\t\t\t\t\t\t<\/figure>\n\t\t\t\t\t\t\t\t\t<\/div>\n\t\t\t\t<\/div>\n\t\t\t\t\t<\/div>\n\t\t<\/div>\n\t\t\t\t<div class=\"elementor-column elementor-col-50 elementor-top-column elementor-element elementor-element-239610d\" data-id=\"239610d\" data-element_type=\"column\" data-e-type=\"column\">\n\t\t\t<div class=\"elementor-widget-wrap elementor-element-populated\">\n\t\t\t\t\t\t<div class=\"elementor-element elementor-element-1a6fa33 elementor-widget elementor-widget-heading\" data-id=\"1a6fa33\" data-element_type=\"widget\" data-e-type=\"widget\" data-widget_type=\"heading.default\">\n\t\t\t\t<div class=\"elementor-widget-container\">\n\t\t\t\t\t<h2 class=\"elementor-heading-title elementor-size-default\">Comment g\u00e9rer les conflits et les tensions?<\/h2>\t\t\t\t<\/div>\n\t\t\t\t<\/div>\n\t\t\t\t<div class=\"elementor-element elementor-element-71b6ee9 elementor-widget elementor-widget-text-editor\" data-id=\"71b6ee9\" data-element_type=\"widget\" data-e-type=\"widget\" data-widget_type=\"text-editor.default\">\n\t\t\t\t<div class=\"elementor-widget-container\">\n\t\t\t\t\t\t\t\t\t<p data-start=\"63\" data-end=\"274\">Les conflits sont in\u00e9vitables dans les organisations. Malentendus, divergences de points de vue ou perceptions d\u2019injustice peuvent rapidement cr\u00e9er des tensions et affecter la mobilisation et la performance. Mais bien g\u00e9r\u00e9s, ils peuvent devenir de v\u00e9ritables leviers de dialogue, d\u2019innovation et de performance collective.<\/p><p data-start=\"63\" data-end=\"274\">Sur les ondes de Radio-Canada, <a href=\"https:\/\/www.linkedin.com\/in\/mathieu-guilbert-ba27a040\/\" target=\"_blank\" rel=\"noopener\">Mathieu Guilbert<\/a>\u00a0partage des pistes concr\u00e8tes pour mieux comprendre les tensions et les transformer en occasions de collaboration.<\/p>\t\t\t\t\t\t\t\t<\/div>\n\t\t\t\t<\/div>\n\t\t\t\t<div class=\"elementor-element elementor-element-8a5badc elementor-widget elementor-widget-button\" data-id=\"8a5badc\" data-element_type=\"widget\" data-e-type=\"widget\" data-widget_type=\"button.default\">\n\t\t\t\t<div class=\"elementor-widget-container\">\n\t\t\t\t\t\t\t\t\t<div class=\"elementor-button-wrapper\">\n\t\t\t\t\t<a class=\"elementor-button elementor-button-link elementor-size-xs\" href=\"https:\/\/ici.radio-canada.ca\/ohdio\/premiere\/emissions\/bonjour-la-cote\/segments\/rattrapage\/2308227\/comment-gerer-conflits-et-tensions\" target=\"_blank\">\n\t\t\t\t\t\t<span class=\"elementor-button-content-wrapper\">\n\t\t\t\t\t\t\t\t\t<span class=\"elementor-button-text\">\u00c9couter l'entrevue compl\u00e8te<\/span>\n\t\t\t\t\t<\/span>\n\t\t\t\t\t<\/a>\n\t\t\t\t<\/div>\n\t\t\t\t\t\t\t\t<\/div>\n\t\t\t\t<\/div>\n\t\t\t\t\t<\/div>\n\t\t<\/div>\n\t\t\t\t\t<\/div>\n\t\t<\/section>\n\t\t\t\t<section class=\"elementor-section elementor-top-section elementor-element elementor-element-c67054f elementor-section-boxed elementor-section-height-default elementor-section-height-default\" data-id=\"c67054f\" data-element_type=\"section\" data-e-type=\"section\" data-settings=\"{&quot;jet_parallax_layout_list&quot;:[]}\">\n\t\t\t\t\t\t<div class=\"elementor-container elementor-column-gap-default\">\n\t\t\t\t\t<div class=\"elementor-column elementor-col-100 elementor-top-column elementor-element elementor-element-1981db3\" data-id=\"1981db3\" data-element_type=\"column\" data-e-type=\"column\">\n\t\t\t<div class=\"elementor-widget-wrap elementor-element-populated\">\n\t\t\t\t\t\t<div class=\"elementor-element elementor-element-3520d1d elementor-widget-divider--view-line elementor-widget elementor-widget-divider\" data-id=\"3520d1d\" data-element_type=\"widget\" data-e-type=\"widget\" data-widget_type=\"divider.default\">\n\t\t\t\t<div class=\"elementor-widget-container\">\n\t\t\t\t\t\t\t<div class=\"elementor-divider\">\n\t\t\t<span class=\"elementor-divider-separator\">\n\t\t\t\t\t\t<\/span>\n\t\t<\/div>\n\t\t\t\t\t\t<\/div>\n\t\t\t\t<\/div>\n\t\t\t\t\t<\/div>\n\t\t<\/div>\n\t\t\t\t\t<\/div>\n\t\t<\/section>\n\t\t\t\t<section class=\"elementor-section elementor-top-section elementor-element elementor-element-51b0ed8 elementor-section-boxed elementor-section-height-default elementor-section-height-default\" data-id=\"51b0ed8\" data-element_type=\"section\" data-e-type=\"section\" data-settings=\"{&quot;jet_parallax_layout_list&quot;:[]}\">\n\t\t\t\t\t\t<div class=\"elementor-container elementor-column-gap-default\">\n\t\t\t\t\t<div class=\"elementor-column elementor-col-50 elementor-top-column elementor-element elementor-element-ba1ed71\" data-id=\"ba1ed71\" data-element_type=\"column\" data-e-type=\"column\">\n\t\t\t<div class=\"elementor-widget-wrap elementor-element-populated\">\n\t\t\t\t\t\t<div class=\"elementor-element elementor-element-45a9215 elementor-widget elementor-widget-image\" data-id=\"45a9215\" data-element_type=\"widget\" data-e-type=\"widget\" data-widget_type=\"image.default\">\n\t\t\t\t<div class=\"elementor-widget-container\">\n\t\t\t\t\t\t\t\t\t\t\t\t<figure class=\"wp-caption\">\n\t\t\t\t\t\t\t\t\t\t\t<a href=\"https:\/\/ici.radio-canada.ca\/ohdio\/premiere\/emissions\/bonjour-la-cote\/segments\/rattrapage\/2296360\/inclusion-un-enjeu-majeur-nos-entreprisesons\/bonjour-la-cote\/segments\/rattrapage\/2242549\/communication-impact-est-ce-que-charisme-se-developpe\" class=\"blc-broken-link\" data-blc-broken=\"1\">\n\t\t\t\t\t\t\t<img loading=\"lazy\" decoding=\"async\" width=\"2121\" height=\"1414\" src=\"https:\/\/humance.ca\/wp-content\/uploads\/2026\/03\/Chronique_Marie-Chantal-Paris_11-fev-2026.webp\" class=\"attachment-full size-full wp-image-58073\" alt=\"\" srcset=\"https:\/\/humance.ca\/wp-content\/uploads\/2026\/03\/Chronique_Marie-Chantal-Paris_11-fev-2026.webp 2121w, https:\/\/humance.ca\/wp-content\/uploads\/2026\/03\/Chronique_Marie-Chantal-Paris_11-fev-2026-300x200.webp 300w, https:\/\/humance.ca\/wp-content\/uploads\/2026\/03\/Chronique_Marie-Chantal-Paris_11-fev-2026-1024x683.webp 1024w, https:\/\/humance.ca\/wp-content\/uploads\/2026\/03\/Chronique_Marie-Chantal-Paris_11-fev-2026-768x512.webp 768w, https:\/\/humance.ca\/wp-content\/uploads\/2026\/03\/Chronique_Marie-Chantal-Paris_11-fev-2026-1536x1024.webp 1536w, https:\/\/humance.ca\/wp-content\/uploads\/2026\/03\/Chronique_Marie-Chantal-Paris_11-fev-2026-2048x1365.webp 2048w, https:\/\/humance.ca\/wp-content\/uploads\/2026\/03\/Chronique_Marie-Chantal-Paris_11-fev-2026-150x100.webp 150w\" sizes=\"(max-width: 2121px) 100vw, 2121px\" \/>\t\t\t\t\t\t\t\t<\/a>\n\t\t\t\t\t\t\t\t\t\t\t<figcaption class=\"widget-image-caption wp-caption-text\">Radio-Canada OhDio | Bonjour La C\u00f4te | 11 f\u00e9vrier 2026<\/figcaption>\n\t\t\t\t\t\t\t\t\t\t<\/figure>\n\t\t\t\t\t\t\t\t\t<\/div>\n\t\t\t\t<\/div>\n\t\t\t\t\t<\/div>\n\t\t<\/div>\n\t\t\t\t<div class=\"elementor-column elementor-col-50 elementor-top-column elementor-element elementor-element-98ab9ec\" data-id=\"98ab9ec\" data-element_type=\"column\" data-e-type=\"column\">\n\t\t\t<div class=\"elementor-widget-wrap elementor-element-populated\">\n\t\t\t\t\t\t<div class=\"elementor-element elementor-element-bebb56c elementor-widget elementor-widget-heading\" data-id=\"bebb56c\" data-element_type=\"widget\" data-e-type=\"widget\" data-widget_type=\"heading.default\">\n\t\t\t\t<div class=\"elementor-widget-container\">\n\t\t\t\t\t<h2 class=\"elementor-heading-title elementor-size-default\">L\u2019inclusion : un enjeu majeur pour nos entreprises<\/h2>\t\t\t\t<\/div>\n\t\t\t\t<\/div>\n\t\t\t\t<div class=\"elementor-element elementor-element-576ceae elementor-widget elementor-widget-text-editor\" data-id=\"576ceae\" data-element_type=\"widget\" data-e-type=\"widget\" data-widget_type=\"text-editor.default\">\n\t\t\t\t<div class=\"elementor-widget-container\">\n\t\t\t\t\t\t\t\t\t<p data-start=\"187\" data-end=\"351\">L\u2019inclusion prend une place croissante dans les discussions sur le travail. Mais au-del\u00e0 des principes, comment se traduit-elle concr\u00e8tement dans les organisations?<\/p><p data-start=\"353\" data-end=\"646\">\u00c0 l\u2019\u00e9mission <em data-start=\"366\" data-end=\"383\">Bonjour la C\u00f4te<\/em> de Radio-Canada, <a href=\"https:\/\/www.linkedin.com\/in\/mariechantalparis\/\" target=\"_blank\" rel=\"noopener\">Marie-Chantal Paris<\/a>, leader Culture et inclusion, partage son regard sur les pratiques qui permettent d\u2019attirer, d\u2019int\u00e9grer et de retenir talents \u2014 et sur les r\u00e9alit\u00e9s auxquelles plusieurs organisations font face.<\/p><p data-start=\"648\" data-end=\"802\">Une conversation qui rappelle que l\u2019inclusion consiste d\u2019abord \u00e0 lever les barri\u00e8res inutiles pour permettre \u00e0 chacun et chacune de contribuer pleinement.<\/p>\t\t\t\t\t\t\t\t<\/div>\n\t\t\t\t<\/div>\n\t\t\t\t<div class=\"elementor-element elementor-element-439ed55 elementor-widget elementor-widget-button\" data-id=\"439ed55\" data-element_type=\"widget\" data-e-type=\"widget\" data-widget_type=\"button.default\">\n\t\t\t\t<div class=\"elementor-widget-container\">\n\t\t\t\t\t\t\t\t\t<div class=\"elementor-button-wrapper\">\n\t\t\t\t\t<a class=\"elementor-button elementor-button-link elementor-size-xs\" href=\"https:\/\/ici.radio-canada.ca\/ohdio\/premiere\/emissions\/bonjour-la-cote\/segments\/rattrapage\/2296360\/inclusion-un-enjeu-majeur-nos-entreprises\" target=\"_blank\">\n\t\t\t\t\t\t<span class=\"elementor-button-content-wrapper\">\n\t\t\t\t\t\t\t\t\t<span class=\"elementor-button-text\">\u00c9couter l'entrevue compl\u00e8te<\/span>\n\t\t\t\t\t<\/span>\n\t\t\t\t\t<\/a>\n\t\t\t\t<\/div>\n\t\t\t\t\t\t\t\t<\/div>\n\t\t\t\t<\/div>\n\t\t\t\t\t<\/div>\n\t\t<\/div>\n\t\t\t\t\t<\/div>\n\t\t<\/section>\n\t\t\t\t<section class=\"elementor-section elementor-top-section elementor-element elementor-element-69f83f2 elementor-section-boxed elementor-section-height-default elementor-section-height-default\" data-id=\"69f83f2\" data-element_type=\"section\" data-e-type=\"section\" data-settings=\"{&quot;jet_parallax_layout_list&quot;:[]}\">\n\t\t\t\t\t\t<div class=\"elementor-container elementor-column-gap-default\">\n\t\t\t\t\t<div class=\"elementor-column elementor-col-100 elementor-top-column elementor-element elementor-element-b43cf23\" data-id=\"b43cf23\" data-element_type=\"column\" data-e-type=\"column\">\n\t\t\t<div class=\"elementor-widget-wrap elementor-element-populated\">\n\t\t\t\t\t\t<div class=\"elementor-element elementor-element-fca44e4 elementor-widget-divider--view-line elementor-widget elementor-widget-divider\" data-id=\"fca44e4\" data-element_type=\"widget\" data-e-type=\"widget\" data-widget_type=\"divider.default\">\n\t\t\t\t<div class=\"elementor-widget-container\">\n\t\t\t\t\t\t\t<div class=\"elementor-divider\">\n\t\t\t<span class=\"elementor-divider-separator\">\n\t\t\t\t\t\t<\/span>\n\t\t<\/div>\n\t\t\t\t\t\t<\/div>\n\t\t\t\t<\/div>\n\t\t\t\t\t<\/div>\n\t\t<\/div>\n\t\t\t\t\t<\/div>\n\t\t<\/section>\n\t\t\t\t<section class=\"elementor-section elementor-top-section elementor-element elementor-element-b80de1b elementor-section-boxed elementor-section-height-default elementor-section-height-default\" data-id=\"b80de1b\" data-element_type=\"section\" data-e-type=\"section\" data-settings=\"{&quot;jet_parallax_layout_list&quot;:[]}\">\n\t\t\t\t\t\t<div class=\"elementor-container elementor-column-gap-default\">\n\t\t\t\t\t<div class=\"elementor-column elementor-col-50 elementor-top-column elementor-element elementor-element-0b362e5\" data-id=\"0b362e5\" data-element_type=\"column\" data-e-type=\"column\">\n\t\t\t<div class=\"elementor-widget-wrap elementor-element-populated\">\n\t\t\t\t\t\t<div class=\"elementor-element elementor-element-4427ffe elementor-widget elementor-widget-image\" data-id=\"4427ffe\" data-element_type=\"widget\" data-e-type=\"widget\" data-widget_type=\"image.default\">\n\t\t\t\t<div class=\"elementor-widget-container\">\n\t\t\t\t\t\t\t\t\t\t\t\t<figure class=\"wp-caption\">\n\t\t\t\t\t\t\t\t\t\t\t<a href=\"https:\/\/ici.radio-canada.ca\/ohdio\/premiere\/emissions\/bonjour-la-cote\/segments\/rattrapage\/2284258\/communication-impact-est-ce-que-charisme-se-developpe\" target=\"_blank\">\n\t\t\t\t\t\t\t<img loading=\"lazy\" decoding=\"async\" width=\"2121\" height=\"1414\" src=\"https:\/\/humance.ca\/wp-content\/uploads\/2026\/03\/Chronique-jacinthe-ouellet-28-janv.webp\" class=\"attachment-full size-full wp-image-58077\" alt=\"\" srcset=\"https:\/\/humance.ca\/wp-content\/uploads\/2026\/03\/Chronique-jacinthe-ouellet-28-janv.webp 2121w, https:\/\/humance.ca\/wp-content\/uploads\/2026\/03\/Chronique-jacinthe-ouellet-28-janv-300x200.webp 300w, https:\/\/humance.ca\/wp-content\/uploads\/2026\/03\/Chronique-jacinthe-ouellet-28-janv-1024x683.webp 1024w, https:\/\/humance.ca\/wp-content\/uploads\/2026\/03\/Chronique-jacinthe-ouellet-28-janv-768x512.webp 768w, https:\/\/humance.ca\/wp-content\/uploads\/2026\/03\/Chronique-jacinthe-ouellet-28-janv-1536x1024.webp 1536w, https:\/\/humance.ca\/wp-content\/uploads\/2026\/03\/Chronique-jacinthe-ouellet-28-janv-2048x1365.webp 2048w, https:\/\/humance.ca\/wp-content\/uploads\/2026\/03\/Chronique-jacinthe-ouellet-28-janv-150x100.webp 150w\" sizes=\"(max-width: 2121px) 100vw, 2121px\" \/>\t\t\t\t\t\t\t\t<\/a>\n\t\t\t\t\t\t\t\t\t\t\t<figcaption class=\"widget-image-caption wp-caption-text\">Radio-Canada OhDio | Bonjour La C\u00f4te | 28 janvier 2026<\/figcaption>\n\t\t\t\t\t\t\t\t\t\t<\/figure>\n\t\t\t\t\t\t\t\t\t<\/div>\n\t\t\t\t<\/div>\n\t\t\t\t\t<\/div>\n\t\t<\/div>\n\t\t\t\t<div class=\"elementor-column elementor-col-50 elementor-top-column elementor-element elementor-element-8f7e5b8\" data-id=\"8f7e5b8\" data-element_type=\"column\" data-e-type=\"column\">\n\t\t\t<div class=\"elementor-widget-wrap elementor-element-populated\">\n\t\t\t\t\t\t<div class=\"elementor-element elementor-element-a52d76d elementor-widget elementor-widget-heading\" data-id=\"a52d76d\" data-element_type=\"widget\" data-e-type=\"widget\" data-widget_type=\"heading.default\">\n\t\t\t\t<div class=\"elementor-widget-container\">\n\t\t\t\t\t<h2 class=\"elementor-heading-title elementor-size-default\">Communication d\u2019impact : est-ce que le charisme se d\u00e9veloppe?<\/h2>\t\t\t\t<\/div>\n\t\t\t\t<\/div>\n\t\t\t\t<div class=\"elementor-element elementor-element-baad9b2 elementor-widget elementor-widget-text-editor\" data-id=\"baad9b2\" data-element_type=\"widget\" data-e-type=\"widget\" data-widget_type=\"text-editor.default\">\n\t\t\t\t<div class=\"elementor-widget-container\">\n\t\t\t\t\t\t\t\t\t<p data-start=\"136\" data-end=\"260\">Le charisme peut mobiliser, influencer et inspirer. Mais comment se d\u00e9veloppe-t-il r\u00e9ellement\u2026 et o\u00f9 se situent ses limites?<\/p><p data-start=\"262\" data-end=\"497\">Sur les ondes de Radio-Canada, <a href=\"https:\/\/www.linkedin.com\/in\/jacinthe-ouellet-m-ps-a-c-c-99b6a81a\/\" target=\"_blank\" rel=\"noopener\">Jacinthe Ouellet<\/a>\u00a0rappelle que le charisme n\u2019est pas seulement un don naturel. Il peut aussi se cultiver, notamment par la posture, la communication et la qualit\u00e9 de pr\u00e9sence \u00e0 l\u2019autre.<\/p><p data-start=\"499\" data-end=\"674\">Elle met toutefois en lumi\u00e8re un point cl\u00e9 : comme tout trait de personnalit\u00e9, un talent pouss\u00e9 \u00e0 l\u2019extr\u00eame peut devenir un d\u00e9faut.<\/p>\t\t\t\t\t\t\t\t<\/div>\n\t\t\t\t<\/div>\n\t\t\t\t<div class=\"elementor-element elementor-element-fda601c elementor-widget elementor-widget-button\" data-id=\"fda601c\" data-element_type=\"widget\" data-e-type=\"widget\" data-widget_type=\"button.default\">\n\t\t\t\t<div class=\"elementor-widget-container\">\n\t\t\t\t\t\t\t\t\t<div class=\"elementor-button-wrapper\">\n\t\t\t\t\t<a class=\"elementor-button elementor-button-link elementor-size-xs\" href=\"https:\/\/ici.radio-canada.ca\/ohdio\/premiere\/emissions\/bonjour-la-cote\/segments\/rattrapage\/2284258\/communication-impact-est-ce-que-charisme-se-developpe\" target=\"_blank\">\n\t\t\t\t\t\t<span class=\"elementor-button-content-wrapper\">\n\t\t\t\t\t\t\t\t\t<span class=\"elementor-button-text\">\u00c9couter l'entrevue compl\u00e8te<\/span>\n\t\t\t\t\t<\/span>\n\t\t\t\t\t<\/a>\n\t\t\t\t<\/div>\n\t\t\t\t\t\t\t\t<\/div>\n\t\t\t\t<\/div>\n\t\t\t\t\t<\/div>\n\t\t<\/div>\n\t\t\t\t\t<\/div>\n\t\t<\/section>\n\t\t\t\t<section class=\"elementor-section elementor-top-section elementor-element elementor-element-a6f3f59 elementor-section-boxed elementor-section-height-default elementor-section-height-default\" data-id=\"a6f3f59\" data-element_type=\"section\" data-e-type=\"section\" data-settings=\"{&quot;jet_parallax_layout_list&quot;:[]}\">\n\t\t\t\t\t\t<div class=\"elementor-container elementor-column-gap-default\">\n\t\t\t\t\t<div class=\"elementor-column elementor-col-100 elementor-top-column elementor-element elementor-element-b95b3da\" data-id=\"b95b3da\" data-element_type=\"column\" data-e-type=\"column\">\n\t\t\t<div class=\"elementor-widget-wrap elementor-element-populated\">\n\t\t\t\t\t\t<div class=\"elementor-element elementor-element-6bfddce elementor-widget-divider--view-line elementor-widget elementor-widget-divider\" data-id=\"6bfddce\" data-element_type=\"widget\" data-e-type=\"widget\" data-widget_type=\"divider.default\">\n\t\t\t\t<div class=\"elementor-widget-container\">\n\t\t\t\t\t\t\t<div class=\"elementor-divider\">\n\t\t\t<span class=\"elementor-divider-separator\">\n\t\t\t\t\t\t<\/span>\n\t\t<\/div>\n\t\t\t\t\t\t<\/div>\n\t\t\t\t<\/div>\n\t\t\t\t\t<\/div>\n\t\t<\/div>\n\t\t\t\t\t<\/div>\n\t\t<\/section>\n\t\t\t\t<section class=\"elementor-section elementor-top-section elementor-element elementor-element-a6191fd elementor-section-boxed elementor-section-height-default elementor-section-height-default\" data-id=\"a6191fd\" data-element_type=\"section\" data-e-type=\"section\" data-settings=\"{&quot;jet_parallax_layout_list&quot;:[]}\">\n\t\t\t\t\t\t<div class=\"elementor-container elementor-column-gap-default\">\n\t\t\t\t\t<div class=\"elementor-column elementor-col-50 elementor-top-column elementor-element elementor-element-ba77145\" data-id=\"ba77145\" data-element_type=\"column\" data-e-type=\"column\">\n\t\t\t<div class=\"elementor-widget-wrap elementor-element-populated\">\n\t\t\t\t\t\t<div class=\"elementor-element elementor-element-9f64a50 elementor-widget elementor-widget-image\" data-id=\"9f64a50\" data-element_type=\"widget\" data-e-type=\"widget\" data-widget_type=\"image.default\">\n\t\t\t\t<div class=\"elementor-widget-container\">\n\t\t\t\t\t\t\t\t\t\t\t\t<figure class=\"wp-caption\">\n\t\t\t\t\t\t\t\t\t\t\t<a href=\"https:\/\/ici.radio-canada.ca\/ohdio\/premiere\/emissions\/bonjour-la-cote\/segments\/rattrapage\/2272118\/sante-psychologique-au-travail\" target=\"_blank\">\n\t\t\t\t\t\t\t<img loading=\"lazy\" decoding=\"async\" width=\"2120\" height=\"1414\" src=\"https:\/\/humance.ca\/wp-content\/uploads\/2026\/03\/Chronique_Laurence-G-C_14-janvier-2026.webp\" class=\"attachment-full size-full wp-image-58079\" alt=\"\" srcset=\"https:\/\/humance.ca\/wp-content\/uploads\/2026\/03\/Chronique_Laurence-G-C_14-janvier-2026.webp 2120w, https:\/\/humance.ca\/wp-content\/uploads\/2026\/03\/Chronique_Laurence-G-C_14-janvier-2026-300x200.webp 300w, https:\/\/humance.ca\/wp-content\/uploads\/2026\/03\/Chronique_Laurence-G-C_14-janvier-2026-1024x683.webp 1024w, https:\/\/humance.ca\/wp-content\/uploads\/2026\/03\/Chronique_Laurence-G-C_14-janvier-2026-768x512.webp 768w, https:\/\/humance.ca\/wp-content\/uploads\/2026\/03\/Chronique_Laurence-G-C_14-janvier-2026-1536x1024.webp 1536w, https:\/\/humance.ca\/wp-content\/uploads\/2026\/03\/Chronique_Laurence-G-C_14-janvier-2026-2048x1366.webp 2048w, https:\/\/humance.ca\/wp-content\/uploads\/2026\/03\/Chronique_Laurence-G-C_14-janvier-2026-150x100.webp 150w\" sizes=\"(max-width: 2120px) 100vw, 2120px\" \/>\t\t\t\t\t\t\t\t<\/a>\n\t\t\t\t\t\t\t\t\t\t\t<figcaption class=\"widget-image-caption wp-caption-text\">Radio-Canada OhDio | Bonjour La C\u00f4te | 14 janvier 2026<\/figcaption>\n\t\t\t\t\t\t\t\t\t\t<\/figure>\n\t\t\t\t\t\t\t\t\t<\/div>\n\t\t\t\t<\/div>\n\t\t\t\t\t<\/div>\n\t\t<\/div>\n\t\t\t\t<div class=\"elementor-column elementor-col-50 elementor-top-column elementor-element elementor-element-b399132\" data-id=\"b399132\" data-element_type=\"column\" data-e-type=\"column\">\n\t\t\t<div class=\"elementor-widget-wrap elementor-element-populated\">\n\t\t\t\t\t\t<div class=\"elementor-element elementor-element-207c4c1 elementor-widget elementor-widget-heading\" data-id=\"207c4c1\" data-element_type=\"widget\" data-e-type=\"widget\" data-widget_type=\"heading.default\">\n\t\t\t\t<div class=\"elementor-widget-container\">\n\t\t\t\t\t<h2 class=\"elementor-heading-title elementor-size-default\">La sant\u00e9 psychologique au travail<\/h2>\t\t\t\t<\/div>\n\t\t\t\t<\/div>\n\t\t\t\t<div class=\"elementor-element elementor-element-bada305 elementor-widget elementor-widget-text-editor\" data-id=\"bada305\" data-element_type=\"widget\" data-e-type=\"widget\" data-widget_type=\"text-editor.default\">\n\t\t\t\t<div class=\"elementor-widget-container\">\n\t\t\t\t\t\t\t\t\t<p data-start=\"142\" data-end=\"229\">Comment cr\u00e9er des milieux de travail qui soutiennent r\u00e9ellement la sant\u00e9 psychologique?<\/p><p data-start=\"231\" data-end=\"525\">De passage sur les ondes de Radio-Canada, <a href=\"https:\/\/www.linkedin.com\/in\/laurencegouletcoulombe\/\" target=\"_blank\" rel=\"noopener\">Laurence Goulet-Coulombe<\/a>\u00a0rappelle que la sant\u00e9 psychologique ne repose pas uniquement sur la r\u00e9silience individuelle. Elle se construit au quotidien, \u00e0 travers l\u2019organisation du travail, les pratiques de gestion et la qualit\u00e9 des relations.<\/p><p data-start=\"527\" data-end=\"712\">Les gestionnaires ont un r\u00f4le direct \u00e0 jouer, mais l\u2019organisation dans son ensemble doit aussi agir en amont pour pr\u00e9venir les risques et cr\u00e9er les conditions d\u2019une performance durable.<\/p>\t\t\t\t\t\t\t\t<\/div>\n\t\t\t\t<\/div>\n\t\t\t\t<div class=\"elementor-element elementor-element-a0fcf07 elementor-widget elementor-widget-button\" data-id=\"a0fcf07\" data-element_type=\"widget\" data-e-type=\"widget\" data-widget_type=\"button.default\">\n\t\t\t\t<div class=\"elementor-widget-container\">\n\t\t\t\t\t\t\t\t\t<div class=\"elementor-button-wrapper\">\n\t\t\t\t\t<a class=\"elementor-button elementor-button-link elementor-size-xs\" href=\"https:\/\/ici.radio-canada.ca\/ohdio\/premiere\/emissions\/bonjour-la-cote\/segments\/rattrapage\/2272118\/sante-psychologique-au-travail\" target=\"_blank\">\n\t\t\t\t\t\t<span class=\"elementor-button-content-wrapper\">\n\t\t\t\t\t\t\t\t\t<span class=\"elementor-button-text\">\u00c9couter l'entrevue compl\u00e8te<\/span>\n\t\t\t\t\t<\/span>\n\t\t\t\t\t<\/a>\n\t\t\t\t<\/div>\n\t\t\t\t\t\t\t\t<\/div>\n\t\t\t\t<\/div>\n\t\t\t\t\t<\/div>\n\t\t<\/div>\n\t\t\t\t\t<\/div>\n\t\t<\/section>\n\t\t\t\t<section class=\"elementor-section elementor-top-section elementor-element elementor-element-a5d7d41 elementor-section-boxed elementor-section-height-default elementor-section-height-default\" data-id=\"a5d7d41\" data-element_type=\"section\" data-e-type=\"section\" data-settings=\"{&quot;jet_parallax_layout_list&quot;:[]}\">\n\t\t\t\t\t\t<div class=\"elementor-container elementor-column-gap-default\">\n\t\t\t\t\t<div class=\"elementor-column elementor-col-100 elementor-top-column elementor-element elementor-element-b609e59\" data-id=\"b609e59\" data-element_type=\"column\" data-e-type=\"column\">\n\t\t\t<div class=\"elementor-widget-wrap elementor-element-populated\">\n\t\t\t\t\t\t<div class=\"elementor-element elementor-element-6a43a44 elementor-widget-divider--view-line elementor-widget elementor-widget-divider\" data-id=\"6a43a44\" data-element_type=\"widget\" data-e-type=\"widget\" data-widget_type=\"divider.default\">\n\t\t\t\t<div class=\"elementor-widget-container\">\n\t\t\t\t\t\t\t<div class=\"elementor-divider\">\n\t\t\t<span class=\"elementor-divider-separator\">\n\t\t\t\t\t\t<\/span>\n\t\t<\/div>\n\t\t\t\t\t\t<\/div>\n\t\t\t\t<\/div>\n\t\t\t\t\t<\/div>\n\t\t<\/div>\n\t\t\t\t\t<\/div>\n\t\t<\/section>\n\t\t\t\t<section class=\"elementor-section elementor-top-section elementor-element elementor-element-09fe2b0 elementor-section-boxed elementor-section-height-default elementor-section-height-default\" data-id=\"09fe2b0\" data-element_type=\"section\" data-e-type=\"section\" data-settings=\"{&quot;jet_parallax_layout_list&quot;:[]}\">\n\t\t\t\t\t\t<div class=\"elementor-container elementor-column-gap-default\">\n\t\t\t\t\t<div class=\"elementor-column elementor-col-50 elementor-top-column elementor-element elementor-element-87761f0\" data-id=\"87761f0\" data-element_type=\"column\" data-e-type=\"column\">\n\t\t\t<div class=\"elementor-widget-wrap elementor-element-populated\">\n\t\t\t\t\t\t<div class=\"elementor-element elementor-element-39c79c8 elementor-widget elementor-widget-image\" data-id=\"39c79c8\" data-element_type=\"widget\" data-e-type=\"widget\" data-widget_type=\"image.default\">\n\t\t\t\t<div class=\"elementor-widget-container\">\n\t\t\t\t\t\t\t\t\t\t\t\t<figure class=\"wp-caption\">\n\t\t\t\t\t\t\t\t\t\t\t<a href=\"https:\/\/ici.radio-canada.ca\/ohdio\/premiere\/emissions\/votre-samedi\/segments\/rattrapage\/2269211\/tendances-a-surveiller-au-travail-en-2026\" target=\"_blank\">\n\t\t\t\t\t\t\t<img loading=\"lazy\" decoding=\"async\" width=\"2560\" height=\"1524\" src=\"https:\/\/humance.ca\/wp-content\/uploads\/2026\/03\/AdobeStock_645355697-scaled.webp\" class=\"attachment-full size-full wp-image-58087\" alt=\"\" srcset=\"https:\/\/humance.ca\/wp-content\/uploads\/2026\/03\/AdobeStock_645355697-scaled.webp 2560w, https:\/\/humance.ca\/wp-content\/uploads\/2026\/03\/AdobeStock_645355697-300x179.webp 300w, https:\/\/humance.ca\/wp-content\/uploads\/2026\/03\/AdobeStock_645355697-1024x610.webp 1024w, https:\/\/humance.ca\/wp-content\/uploads\/2026\/03\/AdobeStock_645355697-768x457.webp 768w, https:\/\/humance.ca\/wp-content\/uploads\/2026\/03\/AdobeStock_645355697-1536x915.webp 1536w, https:\/\/humance.ca\/wp-content\/uploads\/2026\/03\/AdobeStock_645355697-2048x1220.webp 2048w, https:\/\/humance.ca\/wp-content\/uploads\/2026\/03\/AdobeStock_645355697-150x89.webp 150w\" sizes=\"(max-width: 2560px) 100vw, 2560px\" \/>\t\t\t\t\t\t\t\t<\/a>\n\t\t\t\t\t\t\t\t\t\t\t<figcaption class=\"widget-image-caption wp-caption-text\">Radio-Canada OhDio | Votre samedi | 10 janvier 2026<\/figcaption>\n\t\t\t\t\t\t\t\t\t\t<\/figure>\n\t\t\t\t\t\t\t\t\t<\/div>\n\t\t\t\t<\/div>\n\t\t\t\t\t<\/div>\n\t\t<\/div>\n\t\t\t\t<div class=\"elementor-column elementor-col-50 elementor-top-column elementor-element elementor-element-5fb553b\" data-id=\"5fb553b\" data-element_type=\"column\" data-e-type=\"column\">\n\t\t\t<div class=\"elementor-widget-wrap elementor-element-populated\">\n\t\t\t\t\t\t<div class=\"elementor-element elementor-element-eca6ee7 elementor-widget elementor-widget-heading\" data-id=\"eca6ee7\" data-element_type=\"widget\" data-e-type=\"widget\" data-widget_type=\"heading.default\">\n\t\t\t\t<div class=\"elementor-widget-container\">\n\t\t\t\t\t<h2 class=\"elementor-heading-title elementor-size-default\">Les tendances a surveiller au travail en 2026<\/h2>\t\t\t\t<\/div>\n\t\t\t\t<\/div>\n\t\t\t\t<div class=\"elementor-element elementor-element-ced6e2c elementor-widget elementor-widget-text-editor\" data-id=\"ced6e2c\" data-element_type=\"widget\" data-e-type=\"widget\" data-widget_type=\"text-editor.default\">\n\t\t\t\t<div class=\"elementor-widget-container\">\n\t\t\t\t\t\t\t\t\t<p data-start=\"149\" data-end=\"229\">\u00a0Invit\u00e9e \u00e0 Radio-Canada, <a href=\"https:\/\/www.linkedin.com\/in\/mariechantalparis\/\">Marie-Chantal Paris<\/a> partage son regard sur les tendances qui red\u00e9finissent le monde du travail.<\/p><p data-start=\"401\" data-end=\"669\">Parmi les enjeux \u00e0 surveiller : l\u2019int\u00e9gration croissante de l\u2019intelligence artificielle, les nouvelles r\u00e9alit\u00e9s du travail hybride, l\u2019\u00e9volution des pratiques d\u2019inclusion et la richesse de la diversit\u00e9 interg\u00e9n\u00e9rationnelle comme levier d\u2019innovation et de collaboration.<\/p><p data-start=\"671\" data-end=\"767\">Un regard \u00e9clairant sur un monde du travail plus conscient, plus humain et tourn\u00e9 vers l\u2019avenir.<\/p>\t\t\t\t\t\t\t\t<\/div>\n\t\t\t\t<\/div>\n\t\t\t\t<div class=\"elementor-element elementor-element-64e722f elementor-widget elementor-widget-button\" data-id=\"64e722f\" data-element_type=\"widget\" data-e-type=\"widget\" data-widget_type=\"button.default\">\n\t\t\t\t<div class=\"elementor-widget-container\">\n\t\t\t\t\t\t\t\t\t<div class=\"elementor-button-wrapper\">\n\t\t\t\t\t<a class=\"elementor-button elementor-button-link elementor-size-xs\" href=\"https:\/\/ici.radio-canada.ca\/ohdio\/premiere\/emissions\/votre-samedi\/segments\/rattrapage\/2269211\/tendances-a-surveiller-au-travail-en-2026\" target=\"_blank\">\n\t\t\t\t\t\t<span class=\"elementor-button-content-wrapper\">\n\t\t\t\t\t\t\t\t\t<span class=\"elementor-button-text\">\u00c9couter l'entrevue compl\u00e8te<\/span>\n\t\t\t\t\t<\/span>\n\t\t\t\t\t<\/a>\n\t\t\t\t<\/div>\n\t\t\t\t\t\t\t\t<\/div>\n\t\t\t\t<\/div>\n\t\t\t\t\t<\/div>\n\t\t<\/div>\n\t\t\t\t\t<\/div>\n\t\t<\/section>\n\t\t\t\t<section class=\"elementor-section elementor-top-section elementor-element elementor-element-b7adeab elementor-section-boxed elementor-section-height-default elementor-section-height-default\" data-id=\"b7adeab\" data-element_type=\"section\" data-e-type=\"section\" data-settings=\"{&quot;jet_parallax_layout_list&quot;:[]}\">\n\t\t\t\t\t\t<div class=\"elementor-container elementor-column-gap-default\">\n\t\t\t\t\t<div class=\"elementor-column elementor-col-100 elementor-top-column elementor-element elementor-element-2b6b6cb\" data-id=\"2b6b6cb\" data-element_type=\"column\" data-e-type=\"column\">\n\t\t\t<div class=\"elementor-widget-wrap elementor-element-populated\">\n\t\t\t\t\t\t<div class=\"elementor-element elementor-element-d4ad2a9 elementor-widget-divider--view-line elementor-widget elementor-widget-divider\" data-id=\"d4ad2a9\" data-element_type=\"widget\" data-e-type=\"widget\" data-widget_type=\"divider.default\">\n\t\t\t\t<div class=\"elementor-widget-container\">\n\t\t\t\t\t\t\t<div class=\"elementor-divider\">\n\t\t\t<span class=\"elementor-divider-separator\">\n\t\t\t\t\t\t<\/span>\n\t\t<\/div>\n\t\t\t\t\t\t<\/div>\n\t\t\t\t<\/div>\n\t\t\t\t\t<\/div>\n\t\t<\/div>\n\t\t\t\t\t<\/div>\n\t\t<\/section>\n\t\t\t\t<\/div>\n\t\t","protected":false},"excerpt":{"rendered":"<p>D\u00e9couvrez les entrevues o\u00f9 nos expertes et experts partagent des r\u00e9flexions inspirantes et des conseils concrets sur des enjeux cl\u00e9s pour transformer vos pratiques organisationnelles. Ces \u00e9changes explorent des th\u00e8mes&#8230; <br \/><a class=\"read-more\" href=\"https:\/\/humance.ca\/fr\/blog\/nos-entrevues-radio-et-balados-2026\/\">Continuer la lecture<\/a><\/p>\n","protected":false},"author":14,"featured_media":45642,"comment_status":"closed","ping_status":"closed","sticky":false,"template":"","format":"standard","meta":{"_acf_changed":false,"inline_featured_image":false,"footnotes":""},"categories":[117],"tags":[],"class_list":["post-58071","post","type-post","status-publish","format-standard","has-post-thumbnail","hentry","category-entrevues-radio-et-balados"],"acf":[],"yoast_head":"<!-- This site is optimized with the Yoast SEO plugin v28.4 - https:\/\/yoast.com\/product\/yoast-seo-wordpress\/ -->\n<title>Nos entrevues radio et balados 2026 | Humance<\/title>\n<meta name=\"description\" content=\"D\u00e9couvrez les entrevues auxquels ont particip\u00e9 les expert.e.s de Humance : des r\u00e9flexions inspirantes pour transformer vos pratiques organisationnelles!\" \/>\n<meta name=\"robots\" content=\"index, follow, max-snippet:-1, max-image-preview:large, max-video-preview:-1\" \/>\n<link rel=\"canonical\" href=\"https:\/\/humance.ca\/fr\/blog\/nos-entrevues-radio-et-balados-2026\/\" \/>\n<meta property=\"og:locale\" content=\"fr_CA\" \/>\n<meta property=\"og:type\" content=\"article\" \/>\n<meta property=\"og:title\" content=\"Nos entrevues radio et balados 2026 | Humance\" \/>\n<meta property=\"og:description\" content=\"D\u00e9couvrez les entrevues auxquels ont particip\u00e9 les expert.e.s de Humance : des r\u00e9flexions inspirantes pour transformer vos pratiques organisationnelles!\" \/>\n<meta property=\"og:url\" content=\"https:\/\/humance.ca\/fr\/blog\/nos-entrevues-radio-et-balados-2026\/\" \/>\n<meta property=\"og:site_name\" content=\"Humance\" \/>\n<meta property=\"article:published_time\" content=\"2026-03-11T14:11:20+00:00\" \/>\n<meta property=\"article:modified_time\" content=\"2026-08-24T19:37:20+00:00\" \/>\n<meta property=\"og:image\" content=\"https:\/\/humance.ca\/wp-content\/uploads\/2018\/09\/Photo-de-la-page-e1734700781843.png\" \/>\n\t<meta property=\"og:image:width\" content=\"1800\" \/>\n\t<meta property=\"og:image:height\" content=\"990\" \/>\n\t<meta property=\"og:image:type\" content=\"image\/png\" \/>\n<meta name=\"author\" content=\"Melissa Munro\" \/>\n<meta name=\"twitter:card\" content=\"summary_large_image\" \/>\n<script type=\"application\/ld+json\" class=\"yoast-schema-graph\">{\"@context\":\"https:\\\/\\\/schema.org\",\"@graph\":[{\"@type\":\"Article\",\"@id\":\"https:\\\/\\\/humance.ca\\\/fr\\\/blog\\\/nos-entrevues-radio-et-balados-2026\\\/#article\",\"isPartOf\":{\"@id\":\"https:\\\/\\\/humance.ca\\\/fr\\\/blog\\\/nos-entrevues-radio-et-balados-2026\\\/\"},\"author\":{\"name\":\"Melissa Munro\",\"@id\":\"https:\\\/\\\/humance.ca\\\/fr\\\/#\\\/schema\\\/person\\\/8805ebea1dbeef9e5b722f6567a1a7ed\"},\"headline\":\"Nos entrevues radio et balados 2026\",\"datePublished\":\"2026-03-11T14:11:20+00:00\",\"dateModified\":\"2026-08-24T19:37:20+00:00\",\"mainEntityOfPage\":{\"@id\":\"https:\\\/\\\/humance.ca\\\/fr\\\/blog\\\/nos-entrevues-radio-et-balados-2026\\\/\"},\"wordCount\":1303,\"publisher\":{\"@id\":\"https:\\\/\\\/humance.ca\\\/fr\\\/#organization\"},\"image\":{\"@id\":\"https:\\\/\\\/humance.ca\\\/fr\\\/blog\\\/nos-entrevues-radio-et-balados-2026\\\/#primaryimage\"},\"thumbnailUrl\":\"https:\\\/\\\/humance.ca\\\/wp-content\\\/uploads\\\/2018\\\/09\\\/Photo-de-la-page-e1734700781843.png\",\"articleSection\":[\"Entrevues radio et balados\"],\"inLanguage\":\"fr-CA\"},{\"@type\":\"WebPage\",\"@id\":\"https:\\\/\\\/humance.ca\\\/fr\\\/blog\\\/nos-entrevues-radio-et-balados-2026\\\/\",\"url\":\"https:\\\/\\\/humance.ca\\\/fr\\\/blog\\\/nos-entrevues-radio-et-balados-2026\\\/\",\"name\":\"Nos entrevues radio et balados 2026 | Humance\",\"isPartOf\":{\"@id\":\"https:\\\/\\\/humance.ca\\\/fr\\\/#website\"},\"primaryImageOfPage\":{\"@id\":\"https:\\\/\\\/humance.ca\\\/fr\\\/blog\\\/nos-entrevues-radio-et-balados-2026\\\/#primaryimage\"},\"image\":{\"@id\":\"https:\\\/\\\/humance.ca\\\/fr\\\/blog\\\/nos-entrevues-radio-et-balados-2026\\\/#primaryimage\"},\"thumbnailUrl\":\"https:\\\/\\\/humance.ca\\\/wp-content\\\/uploads\\\/2018\\\/09\\\/Photo-de-la-page-e1734700781843.png\",\"datePublished\":\"2026-03-11T14:11:20+00:00\",\"dateModified\":\"2026-08-24T19:37:20+00:00\",\"description\":\"D\u00e9couvrez les entrevues auxquels ont particip\u00e9 les expert.e.s de Humance : des r\u00e9flexions inspirantes pour transformer vos pratiques organisationnelles!\",\"breadcrumb\":{\"@id\":\"https:\\\/\\\/humance.ca\\\/fr\\\/blog\\\/nos-entrevues-radio-et-balados-2026\\\/#breadcrumb\"},\"inLanguage\":\"fr-CA\",\"potentialAction\":[{\"@type\":\"ReadAction\",\"target\":[\"https:\\\/\\\/humance.ca\\\/fr\\\/blog\\\/nos-entrevues-radio-et-balados-2026\\\/\"]}]},{\"@type\":\"ImageObject\",\"inLanguage\":\"fr-CA\",\"@id\":\"https:\\\/\\\/humance.ca\\\/fr\\\/blog\\\/nos-entrevues-radio-et-balados-2026\\\/#primaryimage\",\"url\":\"https:\\\/\\\/humance.ca\\\/wp-content\\\/uploads\\\/2018\\\/09\\\/Photo-de-la-page-e1734700781843.png\",\"contentUrl\":\"https:\\\/\\\/humance.ca\\\/wp-content\\\/uploads\\\/2018\\\/09\\\/Photo-de-la-page-e1734700781843.png\",\"width\":1800,\"height\":990,\"caption\":\"Microphone de studio de radio devant un \u00e9cran d'ordinateur et une table de mixage, utilis\u00e9 pour l'enregistrement ou la diffusion.\"},{\"@type\":\"BreadcrumbList\",\"@id\":\"https:\\\/\\\/humance.ca\\\/fr\\\/blog\\\/nos-entrevues-radio-et-balados-2026\\\/#breadcrumb\",\"itemListElement\":[{\"@type\":\"ListItem\",\"position\":1,\"name\":\"Home\",\"item\":\"https:\\\/\\\/humance.ca\\\/fr\\\/\"},{\"@type\":\"ListItem\",\"position\":2,\"name\":\"Nos entrevues radio et balados 2026\"}]},{\"@type\":\"WebSite\",\"@id\":\"https:\\\/\\\/humance.ca\\\/fr\\\/#website\",\"url\":\"https:\\\/\\\/humance.ca\\\/fr\\\/\",\"name\":\"Humance\",\"description\":\"Culture &amp; Performance\",\"publisher\":{\"@id\":\"https:\\\/\\\/humance.ca\\\/fr\\\/#organization\"},\"potentialAction\":[{\"@type\":\"SearchAction\",\"target\":{\"@type\":\"EntryPoint\",\"urlTemplate\":\"https:\\\/\\\/humance.ca\\\/fr\\\/?s={search_term_string}\"},\"query-input\":{\"@type\":\"PropertyValueSpecification\",\"valueRequired\":true,\"valueName\":\"search_term_string\"}}],\"inLanguage\":\"fr-CA\"},{\"@type\":\"Organization\",\"@id\":\"https:\\\/\\\/humance.ca\\\/fr\\\/#organization\",\"name\":\"Humance\",\"url\":\"https:\\\/\\\/humance.ca\\\/fr\\\/\",\"logo\":{\"@type\":\"ImageObject\",\"inLanguage\":\"fr-CA\",\"@id\":\"https:\\\/\\\/humance.ca\\\/fr\\\/#\\\/schema\\\/logo\\\/image\\\/\",\"url\":\"https:\\\/\\\/humance.ca\\\/wp-content\\\/uploads\\\/2018\\\/08\\\/LOGO_Humance_Tagline.png\",\"contentUrl\":\"https:\\\/\\\/humance.ca\\\/wp-content\\\/uploads\\\/2018\\\/08\\\/LOGO_Humance_Tagline.png\",\"width\":604,\"height\":200,\"caption\":\"Humance\"},\"image\":{\"@id\":\"https:\\\/\\\/humance.ca\\\/fr\\\/#\\\/schema\\\/logo\\\/image\\\/\"}},{\"@type\":\"Person\",\"@id\":\"https:\\\/\\\/humance.ca\\\/fr\\\/#\\\/schema\\\/person\\\/8805ebea1dbeef9e5b722f6567a1a7ed\",\"name\":\"Melissa Munro\",\"image\":{\"@type\":\"ImageObject\",\"inLanguage\":\"fr-CA\",\"@id\":\"https:\\\/\\\/secure.gravatar.com\\\/avatar\\\/bb4db14279b55e586f9c7a785b900844887821c468f704ad2732f283fa03d20a?s=96&d=mm&r=g\",\"url\":\"https:\\\/\\\/secure.gravatar.com\\\/avatar\\\/bb4db14279b55e586f9c7a785b900844887821c468f704ad2732f283fa03d20a?s=96&d=mm&r=g\",\"contentUrl\":\"https:\\\/\\\/secure.gravatar.com\\\/avatar\\\/bb4db14279b55e586f9c7a785b900844887821c468f704ad2732f283fa03d20a?s=96&d=mm&r=g\",\"caption\":\"Melissa Munro\"}}]}<\/script>\n<!-- \/ Yoast SEO plugin. -->","yoast_head_json":{"title":"Nos entrevues radio et balados 2026 | Humance","description":"D\u00e9couvrez les entrevues auxquels ont particip\u00e9 les expert.e.s de Humance : des r\u00e9flexions inspirantes pour transformer vos pratiques organisationnelles!","robots":{"index":"index","follow":"follow","max-snippet":"max-snippet:-1","max-image-preview":"max-image-preview:large","max-video-preview":"max-video-preview:-1"},"canonical":"https:\/\/humance.ca\/fr\/blog\/nos-entrevues-radio-et-balados-2026\/","og_locale":"fr_CA","og_type":"article","og_title":"Nos entrevues radio et balados 2026 | Humance","og_description":"D\u00e9couvrez les entrevues auxquels ont particip\u00e9 les expert.e.s de Humance : des r\u00e9flexions inspirantes pour transformer vos pratiques organisationnelles!","og_url":"https:\/\/humance.ca\/fr\/blog\/nos-entrevues-radio-et-balados-2026\/","og_site_name":"Humance","article_published_time":"2026-03-11T14:11:20+00:00","article_modified_time":"2026-08-24T19:37:20+00:00","og_image":[{"width":1800,"height":990,"url":"https:\/\/humance.ca\/wp-content\/uploads\/2018\/09\/Photo-de-la-page-e1734700781843.png","type":"image\/png"}],"author":"Melissa Munro","twitter_card":"summary_large_image","schema":{"@context":"https:\/\/schema.org","@graph":[{"@type":"Article","@id":"https:\/\/humance.ca\/fr\/blog\/nos-entrevues-radio-et-balados-2026\/#article","isPartOf":{"@id":"https:\/\/humance.ca\/fr\/blog\/nos-entrevues-radio-et-balados-2026\/"},"author":{"name":"Melissa Munro","@id":"https:\/\/humance.ca\/fr\/#\/schema\/person\/8805ebea1dbeef9e5b722f6567a1a7ed"},"headline":"Nos entrevues radio et balados 2026","datePublished":"2026-03-11T14:11:20+00:00","dateModified":"2026-08-24T19:37:20+00:00","mainEntityOfPage":{"@id":"https:\/\/humance.ca\/fr\/blog\/nos-entrevues-radio-et-balados-2026\/"},"wordCount":1303,"publisher":{"@id":"https:\/\/humance.ca\/fr\/#organization"},"image":{"@id":"https:\/\/humance.ca\/fr\/blog\/nos-entrevues-radio-et-balados-2026\/#primaryimage"},"thumbnailUrl":"https:\/\/humance.ca\/wp-content\/uploads\/2018\/09\/Photo-de-la-page-e1734700781843.png","articleSection":["Entrevues radio et balados"],"inLanguage":"fr-CA"},{"@type":"WebPage","@id":"https:\/\/humance.ca\/fr\/blog\/nos-entrevues-radio-et-balados-2026\/","url":"https:\/\/humance.ca\/fr\/blog\/nos-entrevues-radio-et-balados-2026\/","name":"Nos entrevues radio et balados 2026 | Humance","isPartOf":{"@id":"https:\/\/humance.ca\/fr\/#website"},"primaryImageOfPage":{"@id":"https:\/\/humance.ca\/fr\/blog\/nos-entrevues-radio-et-balados-2026\/#primaryimage"},"image":{"@id":"https:\/\/humance.ca\/fr\/blog\/nos-entrevues-radio-et-balados-2026\/#primaryimage"},"thumbnailUrl":"https:\/\/humance.ca\/wp-content\/uploads\/2018\/09\/Photo-de-la-page-e1734700781843.png","datePublished":"2026-03-11T14:11:20+00:00","dateModified":"2026-08-24T19:37:20+00:00","description":"D\u00e9couvrez les entrevues auxquels ont particip\u00e9 les expert.e.s de Humance : des r\u00e9flexions inspirantes pour transformer vos pratiques organisationnelles!","breadcrumb":{"@id":"https:\/\/humance.ca\/fr\/blog\/nos-entrevues-radio-et-balados-2026\/#breadcrumb"},"inLanguage":"fr-CA","potentialAction":[{"@type":"ReadAction","target":["https:\/\/humance.ca\/fr\/blog\/nos-entrevues-radio-et-balados-2026\/"]}]},{"@type":"ImageObject","inLanguage":"fr-CA","@id":"https:\/\/humance.ca\/fr\/blog\/nos-entrevues-radio-et-balados-2026\/#primaryimage","url":"https:\/\/humance.ca\/wp-content\/uploads\/2018\/09\/Photo-de-la-page-e1734700781843.png","contentUrl":"https:\/\/humance.ca\/wp-content\/uploads\/2018\/09\/Photo-de-la-page-e1734700781843.png","width":1800,"height":990,"caption":"Microphone de studio de radio devant un \u00e9cran d'ordinateur et une table de mixage, utilis\u00e9 pour l'enregistrement ou la diffusion."},{"@type":"BreadcrumbList","@id":"https:\/\/humance.ca\/fr\/blog\/nos-entrevues-radio-et-balados-2026\/#breadcrumb","itemListElement":[{"@type":"ListItem","position":1,"name":"Home","item":"https:\/\/humance.ca\/fr\/"},{"@type":"ListItem","position":2,"name":"Nos entrevues radio et balados 2026"}]},{"@type":"WebSite","@id":"https:\/\/humance.ca\/fr\/#website","url":"https:\/\/humance.ca\/fr\/","name":"Humance","description":"Culture &amp; Performance","publisher":{"@id":"https:\/\/humance.ca\/fr\/#organization"},"potentialAction":[{"@type":"SearchAction","target":{"@type":"EntryPoint","urlTemplate":"https:\/\/humance.ca\/fr\/?s={search_term_string}"},"query-input":{"@type":"PropertyValueSpecification","valueRequired":true,"valueName":"search_term_string"}}],"inLanguage":"fr-CA"},{"@type":"Organization","@id":"https:\/\/humance.ca\/fr\/#organization","name":"Humance","url":"https:\/\/humance.ca\/fr\/","logo":{"@type":"ImageObject","inLanguage":"fr-CA","@id":"https:\/\/humance.ca\/fr\/#\/schema\/logo\/image\/","url":"https:\/\/humance.ca\/wp-content\/uploads\/2018\/08\/LOGO_Humance_Tagline.png","contentUrl":"https:\/\/humance.ca\/wp-content\/uploads\/2018\/08\/LOGO_Humance_Tagline.png","width":604,"height":200,"caption":"Humance"},"image":{"@id":"https:\/\/humance.ca\/fr\/#\/schema\/logo\/image\/"}},{"@type":"Person","@id":"https:\/\/humance.ca\/fr\/#\/schema\/person\/8805ebea1dbeef9e5b722f6567a1a7ed","name":"Melissa Munro","image":{"@type":"ImageObject","inLanguage":"fr-CA","@id":"https:\/\/secure.gravatar.com\/avatar\/bb4db14279b55e586f9c7a785b900844887821c468f704ad2732f283fa03d20a?s=96&d=mm&r=g","url":"https:\/\/secure.gravatar.com\/avatar\/bb4db14279b55e586f9c7a785b900844887821c468f704ad2732f283fa03d20a?s=96&d=mm&r=g","contentUrl":"https:\/\/secure.gravatar.com\/avatar\/bb4db14279b55e586f9c7a785b900844887821c468f704ad2732f283fa03d20a?s=96&d=mm&r=g","caption":"Melissa Munro"}}]}},"_links":{"self":[{"href":"https:\/\/humance.ca\/fr\/wp-json\/wp\/v2\/posts\/58071","targetHints":{"allow":["GET"]}}],"collection":[{"href":"https:\/\/humance.ca\/fr\/wp-json\/wp\/v2\/posts"}],"about":[{"href":"https:\/\/humance.ca\/fr\/wp-json\/wp\/v2\/types\/post"}],"author":[{"embeddable":true,"href":"https:\/\/humance.ca\/fr\/wp-json\/wp\/v2\/users\/14"}],"replies":[{"embeddable":true,"href":"https:\/\/humance.ca\/fr\/wp-json\/wp\/v2\/comments?post=58071"}],"version-history":[{"count":10,"href":"https:\/\/humance.ca\/fr\/wp-json\/wp\/v2\/posts\/58071\/revisions"}],"predecessor-version":[{"id":60685,"href":"https:\/\/humance.ca\/fr\/wp-json\/wp\/v2\/posts\/58071\/revisions\/60685"}],"wp:featuredmedia":[{"embeddable":true,"href":"https:\/\/humance.ca\/fr\/wp-json\/wp\/v2\/media\/45642"}],"wp:attachment":[{"href":"https:\/\/humance.ca\/fr\/wp-json\/wp\/v2\/media?parent=58071"}],"wp:term":[{"taxonomy":"category","embeddable":true,"href":"https:\/\/humance.ca\/fr\/wp-json\/wp\/v2\/categories?post=58071"},{"taxonomy":"post_tag","embeddable":true,"href":"https:\/\/humance.ca\/fr\/wp-json\/wp\/v2\/tags?post=58071"}],"curies":[{"name":"wp","href":"https:\/\/api.w.org\/{rel}","templated":true}]}}