{"id":38718,"date":"2024-01-11T12:04:35","date_gmt":"2024-01-11T17:04:35","guid":{"rendered":"https:\/\/humance.ca\/?p=38718"},"modified":"2025-08-11T09:33:35","modified_gmt":"2025-08-11T13:33:35","slug":"humance-votre-alliee-naturelle-pour-faire-face-aux-facteurs-de-risque-lies-au-travail-et-favoriser-la-sante-psychologique","status":"publish","type":"post","link":"https:\/\/humance.ca\/fr\/blog\/humance-votre-alliee-naturelle-pour-faire-face-aux-facteurs-de-risque-lies-au-travail-et-favoriser-la-sante-psychologique\/","title":{"rendered":"Humance, votre alli\u00e9e naturelle pour faire face aux facteurs de risque li\u00e9s au travail et favoriser la sant\u00e9 psychologique"},"content":{"rendered":"\t\t<div data-elementor-type=\"wp-post\" data-elementor-id=\"38718\" class=\"elementor elementor-38718\" data-elementor-post-type=\"post\">\n\t\t\t\t\t\t<section class=\"elementor-section elementor-top-section elementor-element elementor-element-8204023 elementor-section-boxed elementor-section-height-default elementor-section-height-default\" data-id=\"8204023\" data-element_type=\"section\" data-e-type=\"section\" data-settings=\"{&quot;jet_parallax_layout_list&quot;:[]}\">\n\t\t\t\t\t\t<div class=\"elementor-container elementor-column-gap-default\">\n\t\t\t\t\t<div class=\"elementor-column elementor-col-100 elementor-top-column elementor-element elementor-element-aceea64\" data-id=\"aceea64\" data-element_type=\"column\" data-e-type=\"column\">\n\t\t\t<div class=\"elementor-widget-wrap elementor-element-populated\">\n\t\t\t\t\t\t<div class=\"elementor-element elementor-element-d3b6a42 elementor-widget elementor-widget-text-editor\" data-id=\"d3b6a42\" data-element_type=\"widget\" data-e-type=\"widget\" data-widget_type=\"text-editor.default\">\n\t\t\t\t<div class=\"elementor-widget-container\">\n\t\t\t\t\t\t\t\t\t<p>Par <a href=\"https:\/\/www.linkedin.com\/in\/jcarignan\/\" target=\"_blank\" rel=\"noopener\">Julie Carignan<\/a>, <a href=\"https:\/\/www.linkedin.com\/in\/jacinthe-ouellet-m-ps-a-c-c-99b6a81a\/\" target=\"_blank\" rel=\"noopener\">Jacinthe Ouellet<\/a> et <a href=\"https:\/\/www.linkedin.com\/in\/mathieu-guilbert-ba27a040\/\" target=\"_blank\" rel=\"noopener\">Mathieu Guilbert<\/a><\/p>\t\t\t\t\t\t\t\t<\/div>\n\t\t\t\t<\/div>\n\t\t\t\t\t<\/div>\n\t\t<\/div>\n\t\t\t\t\t<\/div>\n\t\t<\/section>\n\t\t\t\t<section class=\"elementor-section elementor-top-section elementor-element elementor-element-c49a372 elementor-section-boxed elementor-section-height-default elementor-section-height-default\" data-id=\"c49a372\" data-element_type=\"section\" data-e-type=\"section\" data-settings=\"{&quot;jet_parallax_layout_list&quot;:[]}\">\n\t\t\t\t\t\t<div class=\"elementor-container elementor-column-gap-default\">\n\t\t\t\t\t<div class=\"elementor-column elementor-col-100 elementor-top-column elementor-element elementor-element-1ef8294\" data-id=\"1ef8294\" data-element_type=\"column\" data-e-type=\"column\">\n\t\t\t<div class=\"elementor-widget-wrap elementor-element-populated\">\n\t\t\t\t\t\t<div class=\"elementor-element elementor-element-323255d elementor-widget-divider--view-line elementor-widget elementor-widget-divider\" data-id=\"323255d\" data-element_type=\"widget\" data-e-type=\"widget\" data-widget_type=\"divider.default\">\n\t\t\t\t<div class=\"elementor-widget-container\">\n\t\t\t\t\t\t\t<div class=\"elementor-divider\">\n\t\t\t<span class=\"elementor-divider-separator\">\n\t\t\t\t\t\t<\/span>\n\t\t<\/div>\n\t\t\t\t\t\t<\/div>\n\t\t\t\t<\/div>\n\t\t\t\t<div class=\"elementor-element elementor-element-ba80b12 elementor-widget elementor-widget-text-editor\" data-id=\"ba80b12\" data-element_type=\"widget\" data-e-type=\"widget\" data-widget_type=\"text-editor.default\">\n\t\t\t\t<div class=\"elementor-widget-container\">\n\t\t\t\t\t\t\t\t\t<p><span class=\"TextRun SCXW164188309 BCX0\" lang=\"FR-CA\" xml:lang=\"FR-CA\" data-contrast=\"auto\"><span class=\"NormalTextRun SCXW164188309 BCX0\">L<\/span><span class=\"NormalTextRun SCXW164188309 BCX0\">a <\/span><\/span><a href=\"https:\/\/www.cnesst.gouv.qc.ca\/fr\/organisation\/documentation\/lois-reglements\/modernisation-sst\" target=\"_blank\" rel=\"noopener\"><em><span class=\"TextRun SCXW164188309 BCX0\" lang=\"FR-CA\" xml:lang=\"FR-CA\" data-contrast=\"auto\"><span class=\"NormalTextRun SCXW164188309 BCX0\">Loi modernisant le r\u00e9gime de sant\u00e9 et de s\u00e9curit\u00e9 du travail<\/span><\/span><\/em><\/a><span class=\"TextRun SCXW164188309 BCX0\" lang=\"FR-CA\" xml:lang=\"FR-CA\" data-contrast=\"auto\"><span class=\"NormalTextRun SCXW164188309 BCX0\"> comporte<\/span> <span class=\"NormalTextRun SCXW164188309 BCX0\">un \u00e9l\u00e9ment<\/span><span class=\"NormalTextRun SCXW164188309 BCX0\"> majeur<\/span><span class=\"NormalTextRun SCXW164188309 BCX0\"> qui modifie <\/span><span class=\"NormalTextRun SCXW164188309 BCX0\">de fa\u00e7on consid\u00e9rable<\/span> <span class=\"NormalTextRun SCXW164188309 BCX0\">le monde du travail. En effet, dans le cadre de cette loi, <\/span><\/span><strong><span class=\"TextRun SCXW164188309 BCX0\" lang=\"FR-CA\" xml:lang=\"FR-CA\" data-contrast=\"auto\"><span class=\"NormalTextRun SCXW164188309 BCX0\">les <\/span><span class=\"NormalTextRun SCXW164188309 BCX0\">employeurs<\/span><span class=\"NormalTextRun SCXW164188309 BCX0\"> d<\/span><span class=\"NormalTextRun SCXW164188309 BCX0\">oiven<\/span><span class=\"NormalTextRun SCXW164188309 BCX0\">t<\/span><span class=\"NormalTextRun SCXW164188309 BCX0\"> d\u00e9sormais prioriser la protection de la sant\u00e9 psychologique <\/span><span class=\"NormalTextRun SCXW164188309 BCX0\">dans<\/span><span class=\"NormalTextRun SCXW164188309 BCX0\"> leur organisation<\/span><\/span><\/strong><span class=\"TextRun SCXW164188309 BCX0\" lang=\"FR-CA\" xml:lang=\"FR-CA\" data-contrast=\"auto\"><span class=\"NormalTextRun SCXW164188309 BCX0\">. Il leur incombe<\/span><span class=\"NormalTextRun SCXW164188309 BCX0\"> notamment <\/span><span class=\"NormalTextRun SCXW164188309 BCX0\">d<\/span><span class=\"NormalTextRun SCXW164188309 BCX0\">e cerner<\/span><span class=\"NormalTextRun SCXW164188309 BCX0\"> les risques psychosociaux li\u00e9s au travail<\/span> <span class=\"NormalTextRun SCXW164188309 BCX0\">et d\u2019\u00e9laborer<\/span><span class=\"NormalTextRun SCXW164188309 BCX0\"> des mesures correctives<\/span><span class=\"NormalTextRun SCXW164188309 BCX0\"> afin de<\/span><span class=\"NormalTextRun SCXW164188309 BCX0\"> les inclure dans leur plan d\u2019action ou de pr\u00e9vention<\/span><span class=\"NormalTextRun SCXW164188309 BCX0\">.<\/span><\/span><span class=\"EOP SCXW164188309 BCX0\" data-ccp-props=\"{&quot;201341983&quot;:0,&quot;335559739&quot;:160,&quot;335559740&quot;:259}\">\u00a0<\/span><\/p><p>La Commission des normes, de l&#8217;\u00e9quit\u00e9, de la sant\u00e9 et de la s\u00e9curit\u00e9 du travail (CNESST), en collaboration avec l\u2019Institut national de sant\u00e9 publique du Qu\u00e9bec (INSPQ), a identifi\u00e9 les plus importants risques psychosociaux et les facteurs de risque li\u00e9s au travail\u202f:<\/p><p>Les risques psychosociaux\u202f:<\/p><ul><li>Violence<\/li><li>Exposition \u00e0 des \u00e9v\u00e9nements potentiellement traumatiques<\/li><li>Harc\u00e8lement<\/li><\/ul><p>Les facteurs de risques\u202f:<\/p><ul><li>Charge de travail \u00e9lev\u00e9e<\/li><li>Faible reconnaissance<\/li><li>Faible autonomie d\u00e9cisionnelle<\/li><li>Justice organisationnelle d\u00e9ficiente<\/li><li>Faible soutien des coll\u00e8gues et des gestionnaires<\/li><\/ul><p>Cette liste n\u2019est \u00e9videmment pas exhaustive et on peut penser \u00e0 d\u2019autres pr\u00e9occupations majeures telles que les incivilit\u00e9s au travail, les conflits non trait\u00e9s ou encore les enjeux d\u2019\u00e9quit\u00e9 et d\u2019inclusion de la diversit\u00e9 auxquels il est imp\u00e9ratif de porter attention.<\/p><p>Les cons\u00e9quences de ces risques et de ces facteurs de risque qui affectent le bien-\u00eatre et la sant\u00e9 psychologique sont insidieuses et elles engendrent des co\u00fbts sociaux, humains et financiers notables pour une organisation. Dans un contexte de haute turbulence et de raret\u00e9 de main d\u2019\u0153uvre, investir pour entretenir un climat sain contribue nettement \u00e0 r\u00e9duire le taux de roulement, l\u2019absent\u00e9isme et le d\u00e9sengagement du personnel.<\/p>\t\t\t\t\t\t\t\t<\/div>\n\t\t\t\t<\/div>\n\t\t\t\t\t<\/div>\n\t\t<\/div>\n\t\t\t\t\t<\/div>\n\t\t<\/section>\n\t\t\t\t<section class=\"elementor-section elementor-top-section elementor-element elementor-element-bd79e4f elementor-section-boxed elementor-section-height-default elementor-section-height-default\" data-id=\"bd79e4f\" data-element_type=\"section\" data-e-type=\"section\" data-settings=\"{&quot;jet_parallax_layout_list&quot;:[],&quot;background_background&quot;:&quot;classic&quot;,&quot;background_image&quot;:{&quot;url&quot;:&quot;&quot;,&quot;id&quot;:&quot;&quot;,&quot;size&quot;:&quot;&quot;},&quot;background_image_tablet&quot;:{&quot;url&quot;:&quot;&quot;,&quot;id&quot;:&quot;&quot;,&quot;size&quot;:&quot;&quot;},&quot;background_image_mobile&quot;:{&quot;url&quot;:&quot;&quot;,&quot;id&quot;:&quot;&quot;,&quot;size&quot;:&quot;&quot;}}\">\n\t\t\t\t\t\t<div class=\"elementor-container elementor-column-gap-default\">\n\t\t\t\t\t<div class=\"elementor-column elementor-col-100 elementor-top-column elementor-element elementor-element-ccd9399\" data-id=\"ccd9399\" data-element_type=\"column\" data-e-type=\"column\">\n\t\t\t<div class=\"elementor-widget-wrap elementor-element-populated\">\n\t\t\t\t\t\t<div class=\"elementor-element elementor-element-bca4b1e elementor-widget elementor-widget-text-editor\" data-id=\"bca4b1e\" data-element_type=\"widget\" data-e-type=\"widget\" data-widget_type=\"text-editor.default\">\n\t\t\t\t<div class=\"elementor-widget-container\">\n\t\t\t\t\t\t\t\t\t<p><span data-contrast=\"auto\">Pour satisfaire \u00e0 ces nouvelles obligations, et parce que vous voulez instaurer un milieu de travail \u00e9quilibr\u00e9 et propice \u00e0 une performance durable, Humance est votre partenaire cl\u00e9. Travailler avec nous, c\u2019est pouvoir compter sur une <\/span><b><span data-contrast=\"auto\">\u00e9quipe qui compte un grand nombre de psychologues du travail<\/span><\/b><span data-contrast=\"auto\"> qui ont \u00e0 c\u0153ur de mettre leur expertise approfondie en sant\u00e9 psychologique au service de la r\u00e9alisation de vos objectifs organisationnels.\u00a0<\/span><span data-ccp-props=\"{&quot;201341983&quot;:0,&quot;335559739&quot;:160,&quot;335559740&quot;:259}\">\u00a0<\/span><\/p><p><span data-contrast=\"auto\">Depuis pr\u00e8s de 45 ans, Humance se renouvelle constamment et a d\u00e9velopp\u00e9 des outils et des m\u00e9thodes \u00e9prouv\u00e9s, <\/span><b><span data-contrast=\"auto\">conjuguant de solides assises scientifiques avec des r\u00e9alisations sur le terrain sans \u00e9gales, ancr\u00e9es dans les meilleures pratiques<\/span><\/b><span data-contrast=\"auto\">.\u00a0<\/span><span data-ccp-props=\"{&quot;201341983&quot;:0,&quot;335559739&quot;:160,&quot;335559740&quot;:259}\">\u00a0<\/span><\/p><p><span data-contrast=\"auto\">Pour une \u00e9volution tangible et p\u00e9renne de votre sant\u00e9 organisationnelle, nous pouvons agir tant aupr\u00e8s des individus que des \u00e9quipes ou de l\u2019ensemble de l\u2019organisation, et ce, en mode pr\u00e9ventif ou correctif.<\/span><span data-ccp-props=\"{&quot;201341983&quot;:0,&quot;335559739&quot;:160,&quot;335559740&quot;:259}\">\u00a0<\/span><\/p>\t\t\t\t\t\t\t\t<\/div>\n\t\t\t\t<\/div>\n\t\t\t\t<div class=\"elementor-element elementor-element-738526f elementor-widget elementor-widget-text-editor\" data-id=\"738526f\" data-element_type=\"widget\" data-e-type=\"widget\" data-widget_type=\"text-editor.default\">\n\t\t\t\t<div class=\"elementor-widget-container\">\n\t\t\t\t\t\t\t\t\t<p><span data-contrast=\"auto\">Quelques exemples d\u2019interventions\u202f:<\/span><span data-ccp-props=\"{&quot;201341983&quot;:0,&quot;335559739&quot;:160,&quot;335559740&quot;:259}\">\u00a0<\/span><\/p><ul><li data-leveltext=\"-\" data-font=\"Arial\" data-listid=\"9\" data-list-defn-props=\"{&quot;335551671&quot;:2,&quot;335552541&quot;:1,&quot;335559684&quot;:-2,&quot;335559685&quot;:720,&quot;335559991&quot;:360,&quot;469769226&quot;:&quot;Arial&quot;,&quot;469769242&quot;:[8226],&quot;469777803&quot;:&quot;left&quot;,&quot;469777804&quot;:&quot;-&quot;,&quot;469777815&quot;:&quot;hybridMultilevel&quot;}\" aria-setsize=\"-1\" data-aria-posinset=\"2\" data-aria-level=\"1\"><span data-contrast=\"auto\">Accompagnement de l\u2019\u00e9quipe de direction pour int\u00e9grer la sant\u00e9 psychologique aux priorit\u00e9s strat\u00e9giques<\/span><\/li><li data-leveltext=\"-\" data-font=\"Arial\" data-listid=\"9\" data-list-defn-props=\"{&quot;335551671&quot;:2,&quot;335552541&quot;:1,&quot;335559684&quot;:-2,&quot;335559685&quot;:720,&quot;335559991&quot;:360,&quot;469769226&quot;:&quot;Arial&quot;,&quot;469769242&quot;:[8226],&quot;469777803&quot;:&quot;left&quot;,&quot;469777804&quot;:&quot;-&quot;,&quot;469777815&quot;:&quot;hybridMultilevel&quot;}\" aria-setsize=\"-1\" data-aria-posinset=\"2\" data-aria-level=\"1\"><span data-ccp-props=\"{&quot;201341983&quot;:0,&quot;335559739&quot;:160,&quot;335559740&quot;:259}\">A<\/span><span data-contrast=\"auto\">ccompagnement de la fonction RH pour associer la sant\u00e9 psychologique \u00e0 ses chantiers prioritaires et optimiser l\u2019impact de ses interventions \u00e0 cet \u00e9gard<\/span><\/li><li data-leveltext=\"-\" data-font=\"Arial\" data-listid=\"9\" data-list-defn-props=\"{&quot;335551671&quot;:2,&quot;335552541&quot;:1,&quot;335559684&quot;:-2,&quot;335559685&quot;:720,&quot;335559991&quot;:360,&quot;469769226&quot;:&quot;Arial&quot;,&quot;469769242&quot;:[8226],&quot;469777803&quot;:&quot;left&quot;,&quot;469777804&quot;:&quot;-&quot;,&quot;469777815&quot;:&quot;hybridMultilevel&quot;}\" aria-setsize=\"-1\" data-aria-posinset=\"2\" data-aria-level=\"1\"><span data-contrast=\"auto\">Audit\/diagnostic des risques psychosociaux pour dresser l\u2019\u00e9tat actuel de la situation et \u00e9mettre des recommandations concr\u00e8tes<\/span><\/li><li data-leveltext=\"-\" data-font=\"Arial\" data-listid=\"9\" data-list-defn-props=\"{&quot;335551671&quot;:2,&quot;335552541&quot;:1,&quot;335559684&quot;:-2,&quot;335559685&quot;:720,&quot;335559991&quot;:360,&quot;469769226&quot;:&quot;Arial&quot;,&quot;469769242&quot;:[8226],&quot;469777803&quot;:&quot;left&quot;,&quot;469777804&quot;:&quot;-&quot;,&quot;469777815&quot;:&quot;hybridMultilevel&quot;}\" aria-setsize=\"-1\" data-aria-posinset=\"2\" data-aria-level=\"1\"><span data-contrast=\"auto\">Ateliers et parcours de d\u00e9veloppement pour conscientiser et outiller les leaders ou l\u2019ensemble de la communaut\u00e9 organisationnelle<\/span><\/li><li data-leveltext=\"-\" data-font=\"Arial\" data-listid=\"9\" data-list-defn-props=\"{&quot;335551671&quot;:2,&quot;335552541&quot;:1,&quot;335559684&quot;:-2,&quot;335559685&quot;:720,&quot;335559991&quot;:360,&quot;469769226&quot;:&quot;Arial&quot;,&quot;469769242&quot;:[8226],&quot;469777803&quot;:&quot;left&quot;,&quot;469777804&quot;:&quot;-&quot;,&quot;469777815&quot;:&quot;hybridMultilevel&quot;}\" aria-setsize=\"-1\" data-aria-posinset=\"2\" data-aria-level=\"1\"><span data-contrast=\"auto\">Gestion de crise, de conflit et de situations d\u00e9licates, en direct ou en mode conseil<\/span><span data-ccp-props=\"{&quot;201341983&quot;:0,&quot;335559739&quot;:160,&quot;335559740&quot;:259}\">\u00a0<\/span><\/li><\/ul>\t\t\t\t\t\t\t\t<\/div>\n\t\t\t\t<\/div>\n\t\t\t\t\t<\/div>\n\t\t<\/div>\n\t\t\t\t\t<\/div>\n\t\t<\/section>\n\t\t\t\t<section class=\"elementor-section elementor-top-section elementor-element elementor-element-7c49554 elementor-section-boxed elementor-section-height-default elementor-section-height-default\" data-id=\"7c49554\" data-element_type=\"section\" data-e-type=\"section\" data-settings=\"{&quot;jet_parallax_layout_list&quot;:[]}\">\n\t\t\t\t\t\t<div class=\"elementor-container elementor-column-gap-default\">\n\t\t\t\t\t<div class=\"elementor-column elementor-col-100 elementor-top-column elementor-element elementor-element-e766964\" data-id=\"e766964\" data-element_type=\"column\" data-e-type=\"column\">\n\t\t\t<div class=\"elementor-widget-wrap elementor-element-populated\">\n\t\t\t\t\t\t<div class=\"elementor-element elementor-element-bf19e19 elementor-widget elementor-widget-text-editor\" data-id=\"bf19e19\" data-element_type=\"widget\" data-e-type=\"widget\" data-widget_type=\"text-editor.default\">\n\t\t\t\t<div class=\"elementor-widget-container\">\n\t\t\t\t\t\t\t\t\t<p><span class=\"TextRun SCXW207955988 BCX0\" lang=\"FR-CA\" xml:lang=\"FR-CA\" data-contrast=\"auto\"><span class=\"NormalTextRun SCXW207955988 BCX0\">Par o\u00f9 commencer?<\/span> <a href=\"https:\/\/humance.ca\/fr\/nous-joindre\/#formulaire\" target=\"_blank\" rel=\"noopener\"><span class=\"NormalTextRun CommentStart CommentHighlightPipeRest CommentHighlightRest SCXW207955988 BCX0\">Contactez-nous<\/span><\/a> <span class=\"NormalTextRun CommentHighlightPipeRest SCXW207955988 BCX0\">pour un accompagnement<\/span> <span class=\"NormalTextRun SCXW207955988 BCX0\">adapt\u00e9 \u00e0 votre r\u00e9alit\u00e9 et <\/span><span class=\"NormalTextRun SCXW207955988 BCX0\">\u00e0 <\/span><span class=\"NormalTextRun SCXW207955988 BCX0\">vos priorit\u00e9s.<\/span><\/span><span class=\"EOP SCXW207955988 BCX0\" data-ccp-props=\"{&quot;201341983&quot;:0,&quot;335559739&quot;:160,&quot;335559740&quot;:259}\">\u00a0<\/span><\/p>\t\t\t\t\t\t\t\t<\/div>\n\t\t\t\t<\/div>\n\t\t\t\t\t<\/div>\n\t\t<\/div>\n\t\t\t\t\t<\/div>\n\t\t<\/section>\n\t\t\t\t<section class=\"elementor-section elementor-top-section elementor-element elementor-element-0b7001b elementor-section-boxed elementor-section-height-default elementor-section-height-default\" data-id=\"0b7001b\" data-element_type=\"section\" data-e-type=\"section\" data-settings=\"{&quot;jet_parallax_layout_list&quot;:[]}\">\n\t\t\t\t\t\t<div class=\"elementor-container elementor-column-gap-default\">\n\t\t\t\t\t<div class=\"elementor-column elementor-col-100 elementor-top-column elementor-element elementor-element-ea18ec8\" data-id=\"ea18ec8\" data-element_type=\"column\" data-e-type=\"column\">\n\t\t\t<div class=\"elementor-widget-wrap elementor-element-populated\">\n\t\t\t\t\t\t<div class=\"elementor-element elementor-element-269d798 elementor-widget-divider--view-line elementor-widget elementor-widget-divider\" data-id=\"269d798\" data-element_type=\"widget\" data-e-type=\"widget\" data-widget_type=\"divider.default\">\n\t\t\t\t<div class=\"elementor-widget-container\">\n\t\t\t\t\t\t\t<div class=\"elementor-divider\">\n\t\t\t<span class=\"elementor-divider-separator\">\n\t\t\t\t\t\t<\/span>\n\t\t<\/div>\n\t\t\t\t\t\t<\/div>\n\t\t\t\t<\/div>\n\t\t\t\t<div class=\"elementor-element elementor-element-b50fd6f elementor-widget elementor-widget-menu-anchor\" data-id=\"b50fd6f\" data-element_type=\"widget\" data-e-type=\"widget\" data-widget_type=\"menu-anchor.default\">\n\t\t\t\t<div class=\"elementor-widget-container\">\n\t\t\t\t\t\t\t<div class=\"elementor-menu-anchor\" id=\"auteurs\"><\/div>\n\t\t\t\t\t\t<\/div>\n\t\t\t\t<\/div>\n\t\t\t\t\t<\/div>\n\t\t<\/div>\n\t\t\t\t\t<\/div>\n\t\t<\/section>\n\t\t\t\t<section class=\"elementor-section elementor-top-section elementor-element elementor-element-2376a80 elementor-section-boxed elementor-section-height-default elementor-section-height-default\" data-id=\"2376a80\" data-element_type=\"section\" data-e-type=\"section\" data-settings=\"{&quot;jet_parallax_layout_list&quot;:[]}\">\n\t\t\t\t\t\t<div class=\"elementor-container elementor-column-gap-default\">\n\t\t\t\t\t<div class=\"elementor-column elementor-col-50 elementor-top-column elementor-element elementor-element-83cb9f1\" data-id=\"83cb9f1\" data-element_type=\"column\" data-e-type=\"column\">\n\t\t\t<div class=\"elementor-widget-wrap elementor-element-populated\">\n\t\t\t\t\t\t<div class=\"elementor-element elementor-element-675d3d8 elementor-widget elementor-widget-image\" data-id=\"675d3d8\" data-element_type=\"widget\" data-e-type=\"widget\" data-widget_type=\"image.default\">\n\t\t\t\t<div class=\"elementor-widget-container\">\n\t\t\t\t\t\t\t\t\t\t\t\t\t\t\t<img fetchpriority=\"high\" decoding=\"async\" width=\"1024\" height=\"684\" src=\"https:\/\/humance.ca\/wp-content\/uploads\/2018\/09\/vignette_juliecarignan-1024x684.jpg\" class=\"attachment-large size-large wp-image-25997\" alt=\"\" srcset=\"https:\/\/humance.ca\/wp-content\/uploads\/2018\/09\/vignette_juliecarignan-1024x684.jpg 1024w, https:\/\/humance.ca\/wp-content\/uploads\/2018\/09\/vignette_juliecarignan-300x200.jpg 300w, https:\/\/humance.ca\/wp-content\/uploads\/2018\/09\/vignette_juliecarignan-768x513.jpg 768w, https:\/\/humance.ca\/wp-content\/uploads\/2018\/09\/vignette_juliecarignan-150x100.jpg 150w, https:\/\/humance.ca\/wp-content\/uploads\/2018\/09\/vignette_juliecarignan.jpg 1200w\" sizes=\"(max-width: 1024px) 100vw, 1024px\" \/>\t\t\t\t\t\t\t\t\t\t\t\t\t\t\t<\/div>\n\t\t\t\t<\/div>\n\t\t\t\t\t<\/div>\n\t\t<\/div>\n\t\t\t\t<div class=\"elementor-column elementor-col-50 elementor-top-column elementor-element elementor-element-4b18a15\" data-id=\"4b18a15\" data-element_type=\"column\" data-e-type=\"column\">\n\t\t\t<div class=\"elementor-widget-wrap elementor-element-populated\">\n\t\t\t\t\t\t<div class=\"elementor-element elementor-element-efae4d8 elementor-widget elementor-widget-text-editor\" data-id=\"efae4d8\" data-element_type=\"widget\" data-e-type=\"widget\" data-widget_type=\"text-editor.default\">\n\t\t\t\t<div class=\"elementor-widget-container\">\n\t\t\t\t\t\t\t\t\t<p>Julie Carignan<\/p>\t\t\t\t\t\t\t\t<\/div>\n\t\t\t\t<\/div>\n\t\t\t\t<div class=\"elementor-element elementor-element-579a6fe elementor-widget elementor-widget-text-editor\" data-id=\"579a6fe\" data-element_type=\"widget\" data-e-type=\"widget\" data-widget_type=\"text-editor.default\">\n\t\t\t\t<div class=\"elementor-widget-container\">\n\t\t\t\t\t\t\t\t\t<p>M. Sc. A., M. Ps., psychologue organisationnelle, CRHA<\/p>\t\t\t\t\t\t\t\t<\/div>\n\t\t\t\t<\/div>\n\t\t\t\t<div class=\"elementor-element elementor-element-a71d7e3 elementor-widget-divider--view-line elementor-widget elementor-widget-divider\" data-id=\"a71d7e3\" data-element_type=\"widget\" data-e-type=\"widget\" data-widget_type=\"divider.default\">\n\t\t\t\t<div class=\"elementor-widget-container\">\n\t\t\t\t\t\t\t<div class=\"elementor-divider\">\n\t\t\t<span class=\"elementor-divider-separator\">\n\t\t\t\t\t\t<\/span>\n\t\t<\/div>\n\t\t\t\t\t\t<\/div>\n\t\t\t\t<\/div>\n\t\t\t\t<div class=\"elementor-element elementor-element-024b3be elementor-widget elementor-widget-text-editor\" data-id=\"024b3be\" data-element_type=\"widget\" data-e-type=\"widget\" data-widget_type=\"text-editor.default\">\n\t\t\t\t<div class=\"elementor-widget-container\">\n\t\t\t\t\t\t\t\t\t<p>Associ\u00e9e | D\u00e9veloppement des leaders et des \u00e9quipes<\/p>\t\t\t\t\t\t\t\t<\/div>\n\t\t\t\t<\/div>\n\t\t\t\t<div class=\"elementor-element elementor-element-aaaebe1 elementor-view-stacked elementor-shape-circle elementor-widget elementor-widget-icon\" data-id=\"aaaebe1\" data-element_type=\"widget\" data-e-type=\"widget\" data-widget_type=\"icon.default\">\n\t\t\t\t<div class=\"elementor-widget-container\">\n\t\t\t\t\t\t\t<div class=\"elementor-icon-wrapper\">\n\t\t\t<a class=\"elementor-icon\" href=\"https:\/\/www.linkedin.com\/in\/jcarignan\/\" target=\"_blank\">\n\t\t\t<i aria-hidden=\"true\" class=\"fab fa-linkedin-in\"><\/i>\t\t\t<\/a>\n\t\t<\/div>\n\t\t\t\t\t\t<\/div>\n\t\t\t\t<\/div>\n\t\t\t\t\t<\/div>\n\t\t<\/div>\n\t\t\t\t\t<\/div>\n\t\t<\/section>\n\t\t\t\t<section class=\"elementor-section elementor-top-section elementor-element elementor-element-ab2cddd elementor-section-boxed elementor-section-height-default elementor-section-height-default\" data-id=\"ab2cddd\" data-element_type=\"section\" data-e-type=\"section\" data-settings=\"{&quot;jet_parallax_layout_list&quot;:[]}\">\n\t\t\t\t\t\t<div class=\"elementor-container elementor-column-gap-default\">\n\t\t\t\t\t<div class=\"elementor-column elementor-col-50 elementor-top-column elementor-element elementor-element-cd2f71d\" data-id=\"cd2f71d\" data-element_type=\"column\" data-e-type=\"column\">\n\t\t\t<div class=\"elementor-widget-wrap elementor-element-populated\">\n\t\t\t\t\t\t<div class=\"elementor-element elementor-element-d463eb9 elementor-widget elementor-widget-image\" data-id=\"d463eb9\" data-element_type=\"widget\" data-e-type=\"widget\" data-widget_type=\"image.default\">\n\t\t\t\t<div class=\"elementor-widget-container\">\n\t\t\t\t\t\t\t\t\t\t\t\t\t\t\t<img decoding=\"async\" width=\"1024\" height=\"683\" src=\"https:\/\/humance.ca\/wp-content\/uploads\/2024\/01\/Jacinthe-Ouellet_logo_NB.png\" class=\"attachment-large size-large wp-image-38722\" alt=\"\" srcset=\"https:\/\/humance.ca\/wp-content\/uploads\/2024\/01\/Jacinthe-Ouellet_logo_NB.png 1024w, https:\/\/humance.ca\/wp-content\/uploads\/2024\/01\/Jacinthe-Ouellet_logo_NB-300x200.png 300w, https:\/\/humance.ca\/wp-content\/uploads\/2024\/01\/Jacinthe-Ouellet_logo_NB-768x512.png 768w, https:\/\/humance.ca\/wp-content\/uploads\/2024\/01\/Jacinthe-Ouellet_logo_NB-150x100.png 150w\" sizes=\"(max-width: 1024px) 100vw, 1024px\" \/>\t\t\t\t\t\t\t\t\t\t\t\t\t\t\t<\/div>\n\t\t\t\t<\/div>\n\t\t\t\t\t<\/div>\n\t\t<\/div>\n\t\t\t\t<div class=\"elementor-column elementor-col-50 elementor-top-column elementor-element elementor-element-fe95e1c\" data-id=\"fe95e1c\" data-element_type=\"column\" data-e-type=\"column\">\n\t\t\t<div class=\"elementor-widget-wrap elementor-element-populated\">\n\t\t\t\t\t\t<div class=\"elementor-element elementor-element-c37ff3d elementor-widget elementor-widget-text-editor\" data-id=\"c37ff3d\" data-element_type=\"widget\" data-e-type=\"widget\" data-widget_type=\"text-editor.default\">\n\t\t\t\t<div class=\"elementor-widget-container\">\n\t\t\t\t\t\t\t\t\t<p>Jacinthe Ouellet<\/p>\t\t\t\t\t\t\t\t<\/div>\n\t\t\t\t<\/div>\n\t\t\t\t<div class=\"elementor-element elementor-element-aa351f2 elementor-widget elementor-widget-text-editor\" data-id=\"aa351f2\" data-element_type=\"widget\" data-e-type=\"widget\" data-widget_type=\"text-editor.default\">\n\t\t\t\t<div class=\"elementor-widget-container\">\n\t\t\t\t\t\t\t\t\t<p>M. Ps., ACC, psychologue organisationnelle<\/p>\t\t\t\t\t\t\t\t<\/div>\n\t\t\t\t<\/div>\n\t\t\t\t<div class=\"elementor-element elementor-element-56a5587 elementor-widget-divider--view-line elementor-widget elementor-widget-divider\" data-id=\"56a5587\" data-element_type=\"widget\" data-e-type=\"widget\" data-widget_type=\"divider.default\">\n\t\t\t\t<div class=\"elementor-widget-container\">\n\t\t\t\t\t\t\t<div class=\"elementor-divider\">\n\t\t\t<span class=\"elementor-divider-separator\">\n\t\t\t\t\t\t<\/span>\n\t\t<\/div>\n\t\t\t\t\t\t<\/div>\n\t\t\t\t<\/div>\n\t\t\t\t<div class=\"elementor-element elementor-element-ba33c28 elementor-widget elementor-widget-text-editor\" data-id=\"ba33c28\" data-element_type=\"widget\" data-e-type=\"widget\" data-widget_type=\"text-editor.default\">\n\t\t\t\t<div class=\"elementor-widget-container\">\n\t\t\t\t\t\t\t\t\t<p>Consultante principale et coach | D\u00e9veloppement des leaders et des \u00e9quipes<\/p>\t\t\t\t\t\t\t\t<\/div>\n\t\t\t\t<\/div>\n\t\t\t\t<div class=\"elementor-element elementor-element-a5ba4a9 elementor-view-stacked elementor-shape-circle elementor-widget elementor-widget-icon\" data-id=\"a5ba4a9\" data-element_type=\"widget\" data-e-type=\"widget\" data-widget_type=\"icon.default\">\n\t\t\t\t<div class=\"elementor-widget-container\">\n\t\t\t\t\t\t\t<div class=\"elementor-icon-wrapper\">\n\t\t\t<a class=\"elementor-icon\" href=\"https:\/\/www.linkedin.com\/in\/jacinthe-ouellet-m-ps-a-c-c-99b6a81a\" target=\"_blank\">\n\t\t\t<i aria-hidden=\"true\" class=\"fab fa-linkedin-in\"><\/i>\t\t\t<\/a>\n\t\t<\/div>\n\t\t\t\t\t\t<\/div>\n\t\t\t\t<\/div>\n\t\t\t\t\t<\/div>\n\t\t<\/div>\n\t\t\t\t\t<\/div>\n\t\t<\/section>\n\t\t\t\t<section class=\"elementor-section elementor-top-section elementor-element elementor-element-af435d8 elementor-section-boxed elementor-section-height-default elementor-section-height-default\" data-id=\"af435d8\" data-element_type=\"section\" data-e-type=\"section\" data-settings=\"{&quot;jet_parallax_layout_list&quot;:[]}\">\n\t\t\t\t\t\t<div class=\"elementor-container elementor-column-gap-default\">\n\t\t\t\t\t<div class=\"elementor-column elementor-col-50 elementor-top-column elementor-element elementor-element-f19cdc9\" data-id=\"f19cdc9\" data-element_type=\"column\" data-e-type=\"column\">\n\t\t\t<div class=\"elementor-widget-wrap elementor-element-populated\">\n\t\t\t\t\t\t<div class=\"elementor-element elementor-element-61b8107 elementor-widget elementor-widget-image\" data-id=\"61b8107\" data-element_type=\"widget\" data-e-type=\"widget\" data-widget_type=\"image.default\">\n\t\t\t\t<div class=\"elementor-widget-container\">\n\t\t\t\t\t\t\t\t\t\t\t\t\t\t\t<img decoding=\"async\" width=\"1024\" height=\"684\" src=\"https:\/\/humance.ca\/wp-content\/uploads\/2024\/01\/Mathieu-Guilbert2-1024x684-1.jpg\" class=\"attachment-large size-large wp-image-38724\" alt=\"\" srcset=\"https:\/\/humance.ca\/wp-content\/uploads\/2024\/01\/Mathieu-Guilbert2-1024x684-1.jpg 1024w, https:\/\/humance.ca\/wp-content\/uploads\/2024\/01\/Mathieu-Guilbert2-1024x684-1-300x200.jpg 300w, https:\/\/humance.ca\/wp-content\/uploads\/2024\/01\/Mathieu-Guilbert2-1024x684-1-768x513.jpg 768w, https:\/\/humance.ca\/wp-content\/uploads\/2024\/01\/Mathieu-Guilbert2-1024x684-1-150x100.jpg 150w\" sizes=\"(max-width: 1024px) 100vw, 1024px\" \/>\t\t\t\t\t\t\t\t\t\t\t\t\t\t\t<\/div>\n\t\t\t\t<\/div>\n\t\t\t\t\t<\/div>\n\t\t<\/div>\n\t\t\t\t<div class=\"elementor-column elementor-col-50 elementor-top-column elementor-element elementor-element-21c1a36\" data-id=\"21c1a36\" data-element_type=\"column\" data-e-type=\"column\">\n\t\t\t<div class=\"elementor-widget-wrap elementor-element-populated\">\n\t\t\t\t\t\t<div class=\"elementor-element elementor-element-0d6c349 elementor-widget elementor-widget-text-editor\" data-id=\"0d6c349\" data-element_type=\"widget\" data-e-type=\"widget\" data-widget_type=\"text-editor.default\">\n\t\t\t\t<div class=\"elementor-widget-container\">\n\t\t\t\t\t\t\t\t\t<p>Mathieu Guilbert<\/p>\t\t\t\t\t\t\t\t<\/div>\n\t\t\t\t<\/div>\n\t\t\t\t<div class=\"elementor-element elementor-element-2187ac1 elementor-widget elementor-widget-text-editor\" data-id=\"2187ac1\" data-element_type=\"widget\" data-e-type=\"widget\" data-widget_type=\"text-editor.default\">\n\t\t\t\t<div class=\"elementor-widget-container\">\n\t\t\t\t\t\t\t\t\t<p>Ph. D. (cand.)<\/p>\t\t\t\t\t\t\t\t<\/div>\n\t\t\t\t<\/div>\n\t\t\t\t<div class=\"elementor-element elementor-element-2a4e8e0 elementor-widget-divider--view-line elementor-widget elementor-widget-divider\" data-id=\"2a4e8e0\" data-element_type=\"widget\" data-e-type=\"widget\" data-widget_type=\"divider.default\">\n\t\t\t\t<div class=\"elementor-widget-container\">\n\t\t\t\t\t\t\t<div class=\"elementor-divider\">\n\t\t\t<span class=\"elementor-divider-separator\">\n\t\t\t\t\t\t<\/span>\n\t\t<\/div>\n\t\t\t\t\t\t<\/div>\n\t\t\t\t<\/div>\n\t\t\t\t<div class=\"elementor-element elementor-element-970ca53 elementor-widget elementor-widget-text-editor\" data-id=\"970ca53\" data-element_type=\"widget\" data-e-type=\"widget\" data-widget_type=\"text-editor.default\">\n\t\t\t\t<div class=\"elementor-widget-container\">\n\t\t\t\t\t\t\t\t\t<p>Consultant principal | Strat\u00e9gie et transformation organisationnelle<\/p>\t\t\t\t\t\t\t\t<\/div>\n\t\t\t\t<\/div>\n\t\t\t\t<div class=\"elementor-element elementor-element-29db4f2 elementor-view-stacked elementor-shape-circle elementor-widget elementor-widget-icon\" data-id=\"29db4f2\" data-element_type=\"widget\" data-e-type=\"widget\" data-widget_type=\"icon.default\">\n\t\t\t\t<div class=\"elementor-widget-container\">\n\t\t\t\t\t\t\t<div class=\"elementor-icon-wrapper\">\n\t\t\t<a class=\"elementor-icon\" href=\"https:\/\/www.linkedin.com\/in\/mathieu-guilbert-ba27a040\/\" target=\"_blank\">\n\t\t\t<i aria-hidden=\"true\" class=\"fab fa-linkedin-in\"><\/i>\t\t\t<\/a>\n\t\t<\/div>\n\t\t\t\t\t\t<\/div>\n\t\t\t\t<\/div>\n\t\t\t\t\t<\/div>\n\t\t<\/div>\n\t\t\t\t\t<\/div>\n\t\t<\/section>\n\t\t\t\t<\/div>\n\t\t","protected":false},"excerpt":{"rendered":"<p>Par Julie Carignan, Jacinthe Ouellet et Mathieu Guilbert La Loi modernisant le r\u00e9gime de sant\u00e9 et de s\u00e9curit\u00e9 du travail comporte un \u00e9l\u00e9ment majeur qui modifie de fa\u00e7on consid\u00e9rable le&#8230; <br \/><a class=\"read-more\" href=\"https:\/\/humance.ca\/fr\/blog\/humance-votre-alliee-naturelle-pour-faire-face-aux-facteurs-de-risque-lies-au-travail-et-favoriser-la-sante-psychologique\/\">Continuer la lecture<\/a><\/p>\n","protected":false},"author":25,"featured_media":38761,"comment_status":"closed","ping_status":"closed","sticky":false,"template":"","format":"standard","meta":{"_acf_changed":false,"inline_featured_image":false,"footnotes":""},"categories":[3,587],"tags":[],"class_list":["post-38718","post","type-post","status-publish","format-standard","has-post-thumbnail","hentry","category-general","category-sante-psychologique"],"acf":[],"yoast_head":"<!-- This site is optimized with the Yoast SEO plugin v27.5 - https:\/\/yoast.com\/product\/yoast-seo-wordpress\/ -->\n<title>Humance, votre alli\u00e9e naturelle pour faire face aux facteurs de risque li\u00e9s au travail et favoriser la sant\u00e9 psychologique | Humance<\/title>\n<meta name=\"description\" content=\"Par Julie Carignan, Jacinthe Ouellet et Mathieu Guilbert La Loi modernisant le r\u00e9gime de sant\u00e9 et de s\u00e9curit\u00e9 du travail comporte un \u00e9l\u00e9ment majeur qui\" \/>\n<meta name=\"robots\" content=\"index, follow, max-snippet:-1, max-image-preview:large, max-video-preview:-1\" \/>\n<link rel=\"canonical\" href=\"https:\/\/humance.ca\/fr\/blog\/humance-votre-alliee-naturelle-pour-faire-face-aux-facteurs-de-risque-lies-au-travail-et-favoriser-la-sante-psychologique\/\" \/>\n<meta property=\"og:locale\" content=\"fr_CA\" \/>\n<meta property=\"og:type\" content=\"article\" \/>\n<meta property=\"og:title\" content=\"Humance, votre alli\u00e9e naturelle pour faire face aux facteurs de risque li\u00e9s au travail et favoriser la sant\u00e9 psychologique | Humance\" \/>\n<meta property=\"og:description\" content=\"Par Julie Carignan, Jacinthe Ouellet et Mathieu Guilbert La Loi modernisant le r\u00e9gime de sant\u00e9 et de s\u00e9curit\u00e9 du travail comporte un \u00e9l\u00e9ment majeur qui\" \/>\n<meta property=\"og:url\" content=\"https:\/\/humance.ca\/fr\/blog\/humance-votre-alliee-naturelle-pour-faire-face-aux-facteurs-de-risque-lies-au-travail-et-favoriser-la-sante-psychologique\" \/>\n<meta property=\"og:site_name\" content=\"Humance\" \/>\n<meta property=\"article:published_time\" content=\"2024-01-11T17:04:35+00:00\" \/>\n<meta property=\"article:modified_time\" content=\"2025-08-11T13:33:35+00:00\" \/>\n<meta property=\"og:image\" content=\"https:\/\/humance.ca\/wp-content\/uploads\/2024\/01\/cnesst-1-3-1024x603.png\" \/>\n\t<meta property=\"og:image:width\" content=\"1024\" \/>\n\t<meta property=\"og:image:height\" content=\"603\" \/>\n\t<meta property=\"og:image:type\" content=\"image\/png\" \/>\n<meta name=\"author\" content=\"Jade Mosry\" \/>\n<meta name=\"twitter:card\" content=\"summary_large_image\" \/>\n<script type=\"application\/ld+json\" class=\"yoast-schema-graph\">{\"@context\":\"https:\\\/\\\/schema.org\",\"@graph\":[{\"@type\":\"Article\",\"@id\":\"https:\\\/\\\/humance.ca\\\/fr\\\/blog\\\/humance-votre-alliee-naturelle-pour-faire-face-aux-facteurs-de-risque-lies-au-travail-et-favoriser-la-sante-psychologique#article\",\"isPartOf\":{\"@id\":\"https:\\\/\\\/humance.ca\\\/fr\\\/blog\\\/humance-votre-alliee-naturelle-pour-faire-face-aux-facteurs-de-risque-lies-au-travail-et-favoriser-la-sante-psychologique\\\/\"},\"author\":{\"name\":\"Jade Mosry\",\"@id\":\"https:\\\/\\\/humance.ca\\\/fr\\\/#\\\/schema\\\/person\\\/06dd5ba732ad83b5efbf8524195de214\"},\"headline\":\"Humance, votre alli\u00e9e naturelle pour faire face aux facteurs de risque li\u00e9s au travail et favoriser la sant\u00e9 psychologique\",\"datePublished\":\"2024-01-11T17:04:35+00:00\",\"dateModified\":\"2025-08-11T13:33:35+00:00\",\"mainEntityOfPage\":{\"@id\":\"https:\\\/\\\/humance.ca\\\/fr\\\/blog\\\/humance-votre-alliee-naturelle-pour-faire-face-aux-facteurs-de-risque-lies-au-travail-et-favoriser-la-sante-psychologique\\\/\"},\"wordCount\":627,\"publisher\":{\"@id\":\"https:\\\/\\\/humance.ca\\\/fr\\\/#organization\"},\"image\":{\"@id\":\"https:\\\/\\\/humance.ca\\\/fr\\\/blog\\\/humance-votre-alliee-naturelle-pour-faire-face-aux-facteurs-de-risque-lies-au-travail-et-favoriser-la-sante-psychologique#primaryimage\"},\"thumbnailUrl\":\"https:\\\/\\\/humance.ca\\\/wp-content\\\/uploads\\\/2024\\\/01\\\/cnesst-1-3.png\",\"articleSection\":[\"G\u00e9n\u00e9ral\",\"Sant\u00e9 psychologique\"],\"inLanguage\":\"fr-CA\"},{\"@type\":\"WebPage\",\"@id\":\"https:\\\/\\\/humance.ca\\\/fr\\\/blog\\\/humance-votre-alliee-naturelle-pour-faire-face-aux-facteurs-de-risque-lies-au-travail-et-favoriser-la-sante-psychologique\\\/\",\"url\":\"https:\\\/\\\/humance.ca\\\/fr\\\/blog\\\/humance-votre-alliee-naturelle-pour-faire-face-aux-facteurs-de-risque-lies-au-travail-et-favoriser-la-sante-psychologique\",\"name\":\"Humance, votre alli\u00e9e naturelle pour faire face aux facteurs de risque li\u00e9s au travail et favoriser la sant\u00e9 psychologique | Humance\",\"isPartOf\":{\"@id\":\"https:\\\/\\\/humance.ca\\\/fr\\\/#website\"},\"primaryImageOfPage\":{\"@id\":\"https:\\\/\\\/humance.ca\\\/fr\\\/blog\\\/humance-votre-alliee-naturelle-pour-faire-face-aux-facteurs-de-risque-lies-au-travail-et-favoriser-la-sante-psychologique#primaryimage\"},\"image\":{\"@id\":\"https:\\\/\\\/humance.ca\\\/fr\\\/blog\\\/humance-votre-alliee-naturelle-pour-faire-face-aux-facteurs-de-risque-lies-au-travail-et-favoriser-la-sante-psychologique#primaryimage\"},\"thumbnailUrl\":\"https:\\\/\\\/humance.ca\\\/wp-content\\\/uploads\\\/2024\\\/01\\\/cnesst-1-3.png\",\"datePublished\":\"2024-01-11T17:04:35+00:00\",\"dateModified\":\"2025-08-11T13:33:35+00:00\",\"description\":\"Par Julie Carignan, Jacinthe Ouellet et Mathieu Guilbert La Loi modernisant le r\u00e9gime de sant\u00e9 et de s\u00e9curit\u00e9 du travail comporte un \u00e9l\u00e9ment majeur qui\",\"breadcrumb\":{\"@id\":\"https:\\\/\\\/humance.ca\\\/fr\\\/blog\\\/humance-votre-alliee-naturelle-pour-faire-face-aux-facteurs-de-risque-lies-au-travail-et-favoriser-la-sante-psychologique#breadcrumb\"},\"inLanguage\":\"fr-CA\",\"potentialAction\":[{\"@type\":\"ReadAction\",\"target\":[\"https:\\\/\\\/humance.ca\\\/fr\\\/blog\\\/humance-votre-alliee-naturelle-pour-faire-face-aux-facteurs-de-risque-lies-au-travail-et-favoriser-la-sante-psychologique\"]}]},{\"@type\":\"ImageObject\",\"inLanguage\":\"fr-CA\",\"@id\":\"https:\\\/\\\/humance.ca\\\/fr\\\/blog\\\/humance-votre-alliee-naturelle-pour-faire-face-aux-facteurs-de-risque-lies-au-travail-et-favoriser-la-sante-psychologique#primaryimage\",\"url\":\"https:\\\/\\\/humance.ca\\\/wp-content\\\/uploads\\\/2024\\\/01\\\/cnesst-1-3.png\",\"contentUrl\":\"https:\\\/\\\/humance.ca\\\/wp-content\\\/uploads\\\/2024\\\/01\\\/cnesst-1-3.png\",\"width\":1920,\"height\":1130},{\"@type\":\"BreadcrumbList\",\"@id\":\"https:\\\/\\\/humance.ca\\\/fr\\\/blog\\\/humance-votre-alliee-naturelle-pour-faire-face-aux-facteurs-de-risque-lies-au-travail-et-favoriser-la-sante-psychologique#breadcrumb\",\"itemListElement\":[{\"@type\":\"ListItem\",\"position\":1,\"name\":\"Home\",\"item\":\"https:\\\/\\\/humance.ca\\\/fr\\\/\"},{\"@type\":\"ListItem\",\"position\":2,\"name\":\"Humance, votre alli\u00e9e naturelle pour faire face aux facteurs de risque li\u00e9s au travail et favoriser la sant\u00e9 psychologique\"}]},{\"@type\":\"WebSite\",\"@id\":\"https:\\\/\\\/humance.ca\\\/fr\\\/#website\",\"url\":\"https:\\\/\\\/humance.ca\\\/fr\\\/\",\"name\":\"Humance\",\"description\":\"Culture &amp; Performance\",\"publisher\":{\"@id\":\"https:\\\/\\\/humance.ca\\\/fr\\\/#organization\"},\"potentialAction\":[{\"@type\":\"SearchAction\",\"target\":{\"@type\":\"EntryPoint\",\"urlTemplate\":\"https:\\\/\\\/humance.ca\\\/fr\\\/?s={search_term_string}\"},\"query-input\":{\"@type\":\"PropertyValueSpecification\",\"valueRequired\":true,\"valueName\":\"search_term_string\"}}],\"inLanguage\":\"fr-CA\"},{\"@type\":\"Organization\",\"@id\":\"https:\\\/\\\/humance.ca\\\/fr\\\/#organization\",\"name\":\"Humance\",\"url\":\"https:\\\/\\\/humance.ca\\\/fr\\\/\",\"logo\":{\"@type\":\"ImageObject\",\"inLanguage\":\"fr-CA\",\"@id\":\"https:\\\/\\\/humance.ca\\\/fr\\\/#\\\/schema\\\/logo\\\/image\\\/\",\"url\":\"https:\\\/\\\/humance.ca\\\/wp-content\\\/uploads\\\/2018\\\/08\\\/LOGO_Humance_Tagline.png\",\"contentUrl\":\"https:\\\/\\\/humance.ca\\\/wp-content\\\/uploads\\\/2018\\\/08\\\/LOGO_Humance_Tagline.png\",\"width\":604,\"height\":200,\"caption\":\"Humance\"},\"image\":{\"@id\":\"https:\\\/\\\/humance.ca\\\/fr\\\/#\\\/schema\\\/logo\\\/image\\\/\"}},{\"@type\":\"Person\",\"@id\":\"https:\\\/\\\/humance.ca\\\/fr\\\/#\\\/schema\\\/person\\\/06dd5ba732ad83b5efbf8524195de214\",\"name\":\"Jade Mosry\",\"image\":{\"@type\":\"ImageObject\",\"inLanguage\":\"fr-CA\",\"@id\":\"https:\\\/\\\/secure.gravatar.com\\\/avatar\\\/6e1d3b590ab659b5bafd904a387648e0173647293290caea4a9a468b74ce6477?s=96&d=mm&r=g\",\"url\":\"https:\\\/\\\/secure.gravatar.com\\\/avatar\\\/6e1d3b590ab659b5bafd904a387648e0173647293290caea4a9a468b74ce6477?s=96&d=mm&r=g\",\"contentUrl\":\"https:\\\/\\\/secure.gravatar.com\\\/avatar\\\/6e1d3b590ab659b5bafd904a387648e0173647293290caea4a9a468b74ce6477?s=96&d=mm&r=g\",\"caption\":\"Jade Mosry\"}}]}<\/script>\n<!-- \/ Yoast SEO plugin. -->","yoast_head_json":{"title":"Humance, votre alli\u00e9e naturelle pour faire face aux facteurs de risque li\u00e9s au travail et favoriser la sant\u00e9 psychologique | Humance","description":"Par Julie Carignan, Jacinthe Ouellet et Mathieu Guilbert La Loi modernisant le r\u00e9gime de sant\u00e9 et de s\u00e9curit\u00e9 du travail comporte un \u00e9l\u00e9ment majeur qui","robots":{"index":"index","follow":"follow","max-snippet":"max-snippet:-1","max-image-preview":"max-image-preview:large","max-video-preview":"max-video-preview:-1"},"canonical":"https:\/\/humance.ca\/fr\/blog\/humance-votre-alliee-naturelle-pour-faire-face-aux-facteurs-de-risque-lies-au-travail-et-favoriser-la-sante-psychologique\/","og_locale":"fr_CA","og_type":"article","og_title":"Humance, votre alli\u00e9e naturelle pour faire face aux facteurs de risque li\u00e9s au travail et favoriser la sant\u00e9 psychologique | Humance","og_description":"Par Julie Carignan, Jacinthe Ouellet et Mathieu Guilbert La Loi modernisant le r\u00e9gime de sant\u00e9 et de s\u00e9curit\u00e9 du travail comporte un \u00e9l\u00e9ment majeur qui","og_url":"https:\/\/humance.ca\/fr\/blog\/humance-votre-alliee-naturelle-pour-faire-face-aux-facteurs-de-risque-lies-au-travail-et-favoriser-la-sante-psychologique","og_site_name":"Humance","article_published_time":"2024-01-11T17:04:35+00:00","article_modified_time":"2025-08-11T13:33:35+00:00","og_image":[{"width":1024,"height":603,"url":"https:\/\/humance.ca\/wp-content\/uploads\/2024\/01\/cnesst-1-3-1024x603.png","type":"image\/png"}],"author":"Jade Mosry","twitter_card":"summary_large_image","schema":{"@context":"https:\/\/schema.org","@graph":[{"@type":"Article","@id":"https:\/\/humance.ca\/fr\/blog\/humance-votre-alliee-naturelle-pour-faire-face-aux-facteurs-de-risque-lies-au-travail-et-favoriser-la-sante-psychologique#article","isPartOf":{"@id":"https:\/\/humance.ca\/fr\/blog\/humance-votre-alliee-naturelle-pour-faire-face-aux-facteurs-de-risque-lies-au-travail-et-favoriser-la-sante-psychologique\/"},"author":{"name":"Jade Mosry","@id":"https:\/\/humance.ca\/fr\/#\/schema\/person\/06dd5ba732ad83b5efbf8524195de214"},"headline":"Humance, votre alli\u00e9e naturelle pour faire face aux facteurs de risque li\u00e9s au travail et favoriser la sant\u00e9 psychologique","datePublished":"2024-01-11T17:04:35+00:00","dateModified":"2025-08-11T13:33:35+00:00","mainEntityOfPage":{"@id":"https:\/\/humance.ca\/fr\/blog\/humance-votre-alliee-naturelle-pour-faire-face-aux-facteurs-de-risque-lies-au-travail-et-favoriser-la-sante-psychologique\/"},"wordCount":627,"publisher":{"@id":"https:\/\/humance.ca\/fr\/#organization"},"image":{"@id":"https:\/\/humance.ca\/fr\/blog\/humance-votre-alliee-naturelle-pour-faire-face-aux-facteurs-de-risque-lies-au-travail-et-favoriser-la-sante-psychologique#primaryimage"},"thumbnailUrl":"https:\/\/humance.ca\/wp-content\/uploads\/2024\/01\/cnesst-1-3.png","articleSection":["G\u00e9n\u00e9ral","Sant\u00e9 psychologique"],"inLanguage":"fr-CA"},{"@type":"WebPage","@id":"https:\/\/humance.ca\/fr\/blog\/humance-votre-alliee-naturelle-pour-faire-face-aux-facteurs-de-risque-lies-au-travail-et-favoriser-la-sante-psychologique\/","url":"https:\/\/humance.ca\/fr\/blog\/humance-votre-alliee-naturelle-pour-faire-face-aux-facteurs-de-risque-lies-au-travail-et-favoriser-la-sante-psychologique","name":"Humance, votre alli\u00e9e naturelle pour faire face aux facteurs de risque li\u00e9s au travail et favoriser la sant\u00e9 psychologique | Humance","isPartOf":{"@id":"https:\/\/humance.ca\/fr\/#website"},"primaryImageOfPage":{"@id":"https:\/\/humance.ca\/fr\/blog\/humance-votre-alliee-naturelle-pour-faire-face-aux-facteurs-de-risque-lies-au-travail-et-favoriser-la-sante-psychologique#primaryimage"},"image":{"@id":"https:\/\/humance.ca\/fr\/blog\/humance-votre-alliee-naturelle-pour-faire-face-aux-facteurs-de-risque-lies-au-travail-et-favoriser-la-sante-psychologique#primaryimage"},"thumbnailUrl":"https:\/\/humance.ca\/wp-content\/uploads\/2024\/01\/cnesst-1-3.png","datePublished":"2024-01-11T17:04:35+00:00","dateModified":"2025-08-11T13:33:35+00:00","description":"Par Julie Carignan, Jacinthe Ouellet et Mathieu Guilbert La Loi modernisant le r\u00e9gime de sant\u00e9 et de s\u00e9curit\u00e9 du travail comporte un \u00e9l\u00e9ment majeur qui","breadcrumb":{"@id":"https:\/\/humance.ca\/fr\/blog\/humance-votre-alliee-naturelle-pour-faire-face-aux-facteurs-de-risque-lies-au-travail-et-favoriser-la-sante-psychologique#breadcrumb"},"inLanguage":"fr-CA","potentialAction":[{"@type":"ReadAction","target":["https:\/\/humance.ca\/fr\/blog\/humance-votre-alliee-naturelle-pour-faire-face-aux-facteurs-de-risque-lies-au-travail-et-favoriser-la-sante-psychologique"]}]},{"@type":"ImageObject","inLanguage":"fr-CA","@id":"https:\/\/humance.ca\/fr\/blog\/humance-votre-alliee-naturelle-pour-faire-face-aux-facteurs-de-risque-lies-au-travail-et-favoriser-la-sante-psychologique#primaryimage","url":"https:\/\/humance.ca\/wp-content\/uploads\/2024\/01\/cnesst-1-3.png","contentUrl":"https:\/\/humance.ca\/wp-content\/uploads\/2024\/01\/cnesst-1-3.png","width":1920,"height":1130},{"@type":"BreadcrumbList","@id":"https:\/\/humance.ca\/fr\/blog\/humance-votre-alliee-naturelle-pour-faire-face-aux-facteurs-de-risque-lies-au-travail-et-favoriser-la-sante-psychologique#breadcrumb","itemListElement":[{"@type":"ListItem","position":1,"name":"Home","item":"https:\/\/humance.ca\/fr\/"},{"@type":"ListItem","position":2,"name":"Humance, votre alli\u00e9e naturelle pour faire face aux facteurs de risque li\u00e9s au travail et favoriser la sant\u00e9 psychologique"}]},{"@type":"WebSite","@id":"https:\/\/humance.ca\/fr\/#website","url":"https:\/\/humance.ca\/fr\/","name":"Humance","description":"Culture &amp; Performance","publisher":{"@id":"https:\/\/humance.ca\/fr\/#organization"},"potentialAction":[{"@type":"SearchAction","target":{"@type":"EntryPoint","urlTemplate":"https:\/\/humance.ca\/fr\/?s={search_term_string}"},"query-input":{"@type":"PropertyValueSpecification","valueRequired":true,"valueName":"search_term_string"}}],"inLanguage":"fr-CA"},{"@type":"Organization","@id":"https:\/\/humance.ca\/fr\/#organization","name":"Humance","url":"https:\/\/humance.ca\/fr\/","logo":{"@type":"ImageObject","inLanguage":"fr-CA","@id":"https:\/\/humance.ca\/fr\/#\/schema\/logo\/image\/","url":"https:\/\/humance.ca\/wp-content\/uploads\/2018\/08\/LOGO_Humance_Tagline.png","contentUrl":"https:\/\/humance.ca\/wp-content\/uploads\/2018\/08\/LOGO_Humance_Tagline.png","width":604,"height":200,"caption":"Humance"},"image":{"@id":"https:\/\/humance.ca\/fr\/#\/schema\/logo\/image\/"}},{"@type":"Person","@id":"https:\/\/humance.ca\/fr\/#\/schema\/person\/06dd5ba732ad83b5efbf8524195de214","name":"Jade Mosry","image":{"@type":"ImageObject","inLanguage":"fr-CA","@id":"https:\/\/secure.gravatar.com\/avatar\/6e1d3b590ab659b5bafd904a387648e0173647293290caea4a9a468b74ce6477?s=96&d=mm&r=g","url":"https:\/\/secure.gravatar.com\/avatar\/6e1d3b590ab659b5bafd904a387648e0173647293290caea4a9a468b74ce6477?s=96&d=mm&r=g","contentUrl":"https:\/\/secure.gravatar.com\/avatar\/6e1d3b590ab659b5bafd904a387648e0173647293290caea4a9a468b74ce6477?s=96&d=mm&r=g","caption":"Jade Mosry"}}]}},"_links":{"self":[{"href":"https:\/\/humance.ca\/fr\/wp-json\/wp\/v2\/posts\/38718","targetHints":{"allow":["GET"]}}],"collection":[{"href":"https:\/\/humance.ca\/fr\/wp-json\/wp\/v2\/posts"}],"about":[{"href":"https:\/\/humance.ca\/fr\/wp-json\/wp\/v2\/types\/post"}],"author":[{"embeddable":true,"href":"https:\/\/humance.ca\/fr\/wp-json\/wp\/v2\/users\/25"}],"replies":[{"embeddable":true,"href":"https:\/\/humance.ca\/fr\/wp-json\/wp\/v2\/comments?post=38718"}],"version-history":[{"count":10,"href":"https:\/\/humance.ca\/fr\/wp-json\/wp\/v2\/posts\/38718\/revisions"}],"predecessor-version":[{"id":54286,"href":"https:\/\/humance.ca\/fr\/wp-json\/wp\/v2\/posts\/38718\/revisions\/54286"}],"wp:featuredmedia":[{"embeddable":true,"href":"https:\/\/humance.ca\/fr\/wp-json\/wp\/v2\/media\/38761"}],"wp:attachment":[{"href":"https:\/\/humance.ca\/fr\/wp-json\/wp\/v2\/media?parent=38718"}],"wp:term":[{"taxonomy":"category","embeddable":true,"href":"https:\/\/humance.ca\/fr\/wp-json\/wp\/v2\/categories?post=38718"},{"taxonomy":"post_tag","embeddable":true,"href":"https:\/\/humance.ca\/fr\/wp-json\/wp\/v2\/tags?post=38718"}],"curies":[{"name":"wp","href":"https:\/\/api.w.org\/{rel}","templated":true}]}}