{"id":36609,"date":"2023-10-12T13:55:14","date_gmt":"2023-10-12T17:55:14","guid":{"rendered":"https:\/\/humance.ca\/?p=36609"},"modified":"2023-10-31T11:58:13","modified_gmt":"2023-10-31T15:58:13","slug":"nadia-ferrah-nommee-leader-edi","status":"publish","type":"post","link":"https:\/\/humance.ca\/fr\/blog\/nadia-ferrah-nommee-leader-edi\/","title":{"rendered":"Nadia Ferrah nomm\u00e9e Leader \u00e9quit\u00e9, diversit\u00e9 et inclusion (EDI)"},"content":{"rendered":"\t\t<div data-elementor-type=\"wp-post\" data-elementor-id=\"36609\" class=\"elementor elementor-36609\" data-elementor-post-type=\"post\">\n\t\t\t\t\t\t<section class=\"elementor-section elementor-top-section elementor-element elementor-element-f8baa2a elementor-section-boxed elementor-section-height-default elementor-section-height-default\" data-id=\"f8baa2a\" data-element_type=\"section\" data-e-type=\"section\" data-settings=\"{&quot;jet_parallax_layout_list&quot;:[]}\">\n\t\t\t\t\t\t<div class=\"elementor-container elementor-column-gap-default\">\n\t\t\t\t\t<div class=\"elementor-column elementor-col-100 elementor-top-column elementor-element elementor-element-4c104b7\" data-id=\"4c104b7\" data-element_type=\"column\" data-e-type=\"column\">\n\t\t\t<div class=\"elementor-widget-wrap elementor-element-populated\">\n\t\t\t\t\t\t<section class=\"elementor-section elementor-inner-section elementor-element elementor-element-eb3eb30 elementor-section-boxed elementor-section-height-default elementor-section-height-default\" data-id=\"eb3eb30\" data-element_type=\"section\" data-e-type=\"section\" data-settings=\"{&quot;jet_parallax_layout_list&quot;:[]}\">\n\t\t\t\t\t\t<div class=\"elementor-container elementor-column-gap-default\">\n\t\t\t\t\t<div class=\"elementor-column elementor-col-100 elementor-inner-column elementor-element elementor-element-cd9aca4\" data-id=\"cd9aca4\" data-element_type=\"column\" data-e-type=\"column\">\n\t\t\t<div class=\"elementor-widget-wrap elementor-element-populated\">\n\t\t\t\t\t\t<div class=\"elementor-element elementor-element-8bc1b8b elementor-widget elementor-widget-text-editor\" data-id=\"8bc1b8b\" data-element_type=\"widget\" data-e-type=\"widget\" data-widget_type=\"text-editor.default\">\n\t\t\t\t<div class=\"elementor-widget-container\">\n\t\t\t\t\t\t\t\t\t<p><span data-contrast=\"auto\">Nous avons le plaisir d\u2019annoncer l\u2019arriv\u00e9e de Nadia Ferrah \u00e0 titre de leader EDI chez Humance. D\u00e9tenant un profil international et plus de 20 ans d\u2019exp\u00e9rience dans le milieu des affaires et du service-conseil, elle a eu l\u2019occasion d\u2019accompagner des organisations dans les phases de r\u00e9flexion, de conception et de mise en \u0153uvre de leur strat\u00e9gie en EDI. Nadia poss\u00e8de \u00e9galement une solide exp\u00e9rience en gestion du changement, en d\u00e9veloppement du leadership, ainsi qu\u2019en coaching et en gestion des talents, ce qui lui permettra de contribuer \u00e0 des mandats d\u2019envergure interpratiques au sein de Humance.\u00a0<\/span><span data-ccp-props=\"{&quot;201341983&quot;:0,&quot;335559739&quot;:0,&quot;335559740&quot;:276}\">\u00a0<\/span><\/p><p><span data-contrast=\"auto\">Julie Carignan, associ\u00e9e, souligne l\u2019apport cl\u00e9 de Nadia comme leader chez Humance\u202f: \u00ab\u202fL\u2019\u00e9quit\u00e9, la diversit\u00e9 et l\u2019inclusion ne peuvent g\u00e9n\u00e9rer de changements ou de b\u00e9n\u00e9fices durables si elles sont trait\u00e9es en silo. L\u2019expertise en EDI de Nadia est renforc\u00e9e par son bagage en conseil strat\u00e9gique aupr\u00e8s de cadres, en gestion du changement et en d\u00e9veloppement des leaders. Son approche est en parfaite ad\u00e9quation avec notre engagement en faveur de l&#8217;\u00e9quit\u00e9, de la diversit\u00e9 et de l&#8217;inclusion, qui sont des valeurs ancr\u00e9es dans l&#8217;\u00e9volution de notre culture organisationnelle, le d\u00e9veloppement d&#8217;un leadership inclusif et l\u2019actualisation de l\u2019ensemble de nos pratiques en ressources humaines. \u00bb<\/span><span data-ccp-props=\"{&quot;201341983&quot;:0,&quot;335559739&quot;:0,&quot;335559740&quot;:276}\">\u00a0<\/span><\/p><p><span data-contrast=\"auto\">Au-del\u00e0 de son r\u00f4le en EDI, Nadia pourra \u00e9galement jouer un r\u00f4le de coach et de conseill\u00e8re strat\u00e9gique aupr\u00e8s d\u2019une client\u00e8le d\u2019envergure nationale et internationale, qui saura appr\u00e9cier son approche hautement professionnelle et ax\u00e9e sur les solutions.<\/span><span data-ccp-props=\"{&quot;201341983&quot;:0,&quot;335559739&quot;:0,&quot;335559740&quot;:276}\">\u00a0<\/span><\/p><p><span data-contrast=\"auto\">Nous vous invitons \u00e0 communiquer avec Nadia afin de propulser le d\u00e9veloppement d\u2019une culture engageante et inclusive au sein de votre organisation.<\/span><span data-ccp-props=\"{&quot;201341983&quot;:0,&quot;335559739&quot;:0,&quot;335559740&quot;:276}\">\u00a0<\/span><\/p><p><a href=\"https:\/\/www.linkedin.com\/in\/nadiaferrah\/\" target=\"_blank\" rel=\"noopener\">Contactez Nadia Ferrah<\/a>\u00a0<br \/><a href=\"https:\/\/humance.ca\/fr\/equite-diversite-et-inclusion\/\" target=\"_blank\" rel=\"noopener\">En savoir plus sur nos solutions EDI<\/a><\/p>\t\t\t\t\t\t\t\t<\/div>\n\t\t\t\t<\/div>\n\t\t\t\t\t<\/div>\n\t\t<\/div>\n\t\t\t\t\t<\/div>\n\t\t<\/section>\n\t\t\t\t\t<\/div>\n\t\t<\/div>\n\t\t\t\t\t<\/div>\n\t\t<\/section>\n\t\t\t\t<section class=\"elementor-section elementor-top-section elementor-element elementor-element-d0cfed1 elementor-section-boxed elementor-section-height-default elementor-section-height-default\" data-id=\"d0cfed1\" data-element_type=\"section\" data-e-type=\"section\" data-settings=\"{&quot;jet_parallax_layout_list&quot;:[]}\">\n\t\t\t\t\t\t<div class=\"elementor-container elementor-column-gap-default\">\n\t\t\t\t\t<div class=\"elementor-column elementor-col-100 elementor-top-column elementor-element elementor-element-a6c7640\" data-id=\"a6c7640\" data-element_type=\"column\" data-e-type=\"column\">\n\t\t\t<div class=\"elementor-widget-wrap elementor-element-populated\">\n\t\t\t\t\t\t<div class=\"elementor-element elementor-element-bf79e8d elementor-widget elementor-widget-image\" data-id=\"bf79e8d\" data-element_type=\"widget\" data-e-type=\"widget\" data-widget_type=\"image.default\">\n\t\t\t\t<div class=\"elementor-widget-container\">\n\t\t\t\t\t\t\t\t\t\t\t\t\t\t\t<img fetchpriority=\"high\" decoding=\"async\" width=\"1024\" height=\"538\" src=\"https:\/\/humance.ca\/wp-content\/uploads\/2023\/10\/Nadia-Ferrah-fr-1024x538.png\" class=\"attachment-large size-large wp-image-36617\" alt=\"\" srcset=\"https:\/\/humance.ca\/wp-content\/uploads\/2023\/10\/Nadia-Ferrah-fr-1024x538.png 1024w, https:\/\/humance.ca\/wp-content\/uploads\/2023\/10\/Nadia-Ferrah-fr-300x158.png 300w, https:\/\/humance.ca\/wp-content\/uploads\/2023\/10\/Nadia-Ferrah-fr-768x403.png 768w, https:\/\/humance.ca\/wp-content\/uploads\/2023\/10\/Nadia-Ferrah-fr-1536x806.png 1536w, https:\/\/humance.ca\/wp-content\/uploads\/2023\/10\/Nadia-Ferrah-fr-150x79.png 150w, https:\/\/humance.ca\/wp-content\/uploads\/2023\/10\/Nadia-Ferrah-fr.png 1920w\" sizes=\"(max-width: 1024px) 100vw, 1024px\" \/>\t\t\t\t\t\t\t\t\t\t\t\t\t\t\t<\/div>\n\t\t\t\t<\/div>\n\t\t\t\t\t<\/div>\n\t\t<\/div>\n\t\t\t\t\t<\/div>\n\t\t<\/section>\n\t\t\t\t<\/div>\n\t\t","protected":false},"excerpt":{"rendered":"<p>Nous avons le plaisir d\u2019annoncer l\u2019arriv\u00e9e de Nadia Ferrah \u00e0 titre de leader EDI chez Humance. D\u00e9tenant un profil international et plus de 20 ans d\u2019exp\u00e9rience dans le milieu des&#8230; <br \/><a class=\"read-more\" href=\"https:\/\/humance.ca\/fr\/blog\/nadia-ferrah-nommee-leader-edi\/\">Continuer la lecture<\/a><\/p>\n","protected":false},"author":25,"featured_media":36680,"comment_status":"closed","ping_status":"closed","sticky":false,"template":"","format":"standard","meta":{"_acf_changed":false,"inline_featured_image":false,"footnotes":""},"categories":[47],"tags":[],"class_list":["post-36609","post","type-post","status-publish","format-standard","has-post-thumbnail","hentry","category-nouvelles"],"acf":[],"yoast_head":"<!-- This site is optimized with the Yoast SEO plugin v27.5 - https:\/\/yoast.com\/product\/yoast-seo-wordpress\/ -->\n<title>Nadia Ferrah nomm\u00e9e Leader \u00e9quit\u00e9, diversit\u00e9 et inclusion (EDI) | Humance<\/title>\n<meta name=\"description\" content=\"Nous avons le plaisir d\u2019annoncer l\u2019arriv\u00e9e de Nadia Ferrah \u00e0 titre de leader EDI chez Humance. D\u00e9tenant un profil international et plus de 20 ans\" \/>\n<meta name=\"robots\" content=\"index, follow, max-snippet:-1, max-image-preview:large, max-video-preview:-1\" \/>\n<link rel=\"canonical\" href=\"https:\/\/humance.ca\/fr\/blog\/nadia-ferrah-nommee-leader-edi\/\" \/>\n<meta property=\"og:locale\" content=\"fr_CA\" \/>\n<meta property=\"og:type\" content=\"article\" \/>\n<meta property=\"og:title\" content=\"Nadia Ferrah nomm\u00e9e Leader \u00e9quit\u00e9, diversit\u00e9 et inclusion (EDI) | Humance\" \/>\n<meta property=\"og:description\" content=\"Nous avons le plaisir d\u2019annoncer l\u2019arriv\u00e9e de Nadia Ferrah \u00e0 titre de leader EDI chez Humance. D\u00e9tenant un profil international et plus de 20 ans\" \/>\n<meta property=\"og:url\" content=\"https:\/\/humance.ca\/fr\/blog\/nadia-ferrah-nommee-leader-edi\/\" \/>\n<meta property=\"og:site_name\" content=\"Humance\" \/>\n<meta property=\"article:published_time\" content=\"2023-10-12T17:55:14+00:00\" \/>\n<meta property=\"article:modified_time\" content=\"2023-10-31T15:58:13+00:00\" \/>\n<meta property=\"og:image\" content=\"https:\/\/humance.ca\/wp-content\/uploads\/2023\/10\/nouvelle-leader-edi-2.png\" \/>\n\t<meta property=\"og:image:width\" content=\"1920\" \/>\n\t<meta property=\"og:image:height\" content=\"1130\" \/>\n\t<meta property=\"og:image:type\" content=\"image\/png\" \/>\n<meta name=\"author\" content=\"Jade Mosry\" \/>\n<meta name=\"twitter:card\" content=\"summary_large_image\" \/>\n<script type=\"application\/ld+json\" class=\"yoast-schema-graph\">{\"@context\":\"https:\\\/\\\/schema.org\",\"@graph\":[{\"@type\":\"Article\",\"@id\":\"https:\\\/\\\/humance.ca\\\/fr\\\/blog\\\/nadia-ferrah-nommee-leader-edi\\\/#article\",\"isPartOf\":{\"@id\":\"https:\\\/\\\/humance.ca\\\/fr\\\/blog\\\/nadia-ferrah-nommee-leader-edi\\\/\"},\"author\":{\"name\":\"Jade Mosry\",\"@id\":\"https:\\\/\\\/humance.ca\\\/fr\\\/#\\\/schema\\\/person\\\/06dd5ba732ad83b5efbf8524195de214\"},\"headline\":\"Nadia Ferrah nomm\u00e9e Leader \u00e9quit\u00e9, diversit\u00e9 et inclusion (EDI)\",\"datePublished\":\"2023-10-12T17:55:14+00:00\",\"dateModified\":\"2023-10-31T15:58:13+00:00\",\"mainEntityOfPage\":{\"@id\":\"https:\\\/\\\/humance.ca\\\/fr\\\/blog\\\/nadia-ferrah-nommee-leader-edi\\\/\"},\"wordCount\":322,\"publisher\":{\"@id\":\"https:\\\/\\\/humance.ca\\\/fr\\\/#organization\"},\"image\":{\"@id\":\"https:\\\/\\\/humance.ca\\\/fr\\\/blog\\\/nadia-ferrah-nommee-leader-edi\\\/#primaryimage\"},\"thumbnailUrl\":\"https:\\\/\\\/humance.ca\\\/wp-content\\\/uploads\\\/2023\\\/10\\\/nouvelle-leader-edi-2.png\",\"articleSection\":[\"Nouvelles\"],\"inLanguage\":\"fr-CA\"},{\"@type\":\"WebPage\",\"@id\":\"https:\\\/\\\/humance.ca\\\/fr\\\/blog\\\/nadia-ferrah-nommee-leader-edi\\\/\",\"url\":\"https:\\\/\\\/humance.ca\\\/fr\\\/blog\\\/nadia-ferrah-nommee-leader-edi\\\/\",\"name\":\"Nadia Ferrah nomm\u00e9e Leader \u00e9quit\u00e9, diversit\u00e9 et inclusion (EDI) | Humance\",\"isPartOf\":{\"@id\":\"https:\\\/\\\/humance.ca\\\/fr\\\/#website\"},\"primaryImageOfPage\":{\"@id\":\"https:\\\/\\\/humance.ca\\\/fr\\\/blog\\\/nadia-ferrah-nommee-leader-edi\\\/#primaryimage\"},\"image\":{\"@id\":\"https:\\\/\\\/humance.ca\\\/fr\\\/blog\\\/nadia-ferrah-nommee-leader-edi\\\/#primaryimage\"},\"thumbnailUrl\":\"https:\\\/\\\/humance.ca\\\/wp-content\\\/uploads\\\/2023\\\/10\\\/nouvelle-leader-edi-2.png\",\"datePublished\":\"2023-10-12T17:55:14+00:00\",\"dateModified\":\"2023-10-31T15:58:13+00:00\",\"description\":\"Nous avons le plaisir d\u2019annoncer l\u2019arriv\u00e9e de Nadia Ferrah \u00e0 titre de leader EDI chez Humance. D\u00e9tenant un profil international et plus de 20 ans\",\"breadcrumb\":{\"@id\":\"https:\\\/\\\/humance.ca\\\/fr\\\/blog\\\/nadia-ferrah-nommee-leader-edi\\\/#breadcrumb\"},\"inLanguage\":\"fr-CA\",\"potentialAction\":[{\"@type\":\"ReadAction\",\"target\":[\"https:\\\/\\\/humance.ca\\\/fr\\\/blog\\\/nadia-ferrah-nommee-leader-edi\\\/\"]}]},{\"@type\":\"ImageObject\",\"inLanguage\":\"fr-CA\",\"@id\":\"https:\\\/\\\/humance.ca\\\/fr\\\/blog\\\/nadia-ferrah-nommee-leader-edi\\\/#primaryimage\",\"url\":\"https:\\\/\\\/humance.ca\\\/wp-content\\\/uploads\\\/2023\\\/10\\\/nouvelle-leader-edi-2.png\",\"contentUrl\":\"https:\\\/\\\/humance.ca\\\/wp-content\\\/uploads\\\/2023\\\/10\\\/nouvelle-leader-edi-2.png\",\"width\":1920,\"height\":1130},{\"@type\":\"BreadcrumbList\",\"@id\":\"https:\\\/\\\/humance.ca\\\/fr\\\/blog\\\/nadia-ferrah-nommee-leader-edi\\\/#breadcrumb\",\"itemListElement\":[{\"@type\":\"ListItem\",\"position\":1,\"name\":\"Home\",\"item\":\"https:\\\/\\\/humance.ca\\\/fr\\\/\"},{\"@type\":\"ListItem\",\"position\":2,\"name\":\"Nadia Ferrah nomm\u00e9e Leader \u00e9quit\u00e9, diversit\u00e9 et inclusion (EDI)\"}]},{\"@type\":\"WebSite\",\"@id\":\"https:\\\/\\\/humance.ca\\\/fr\\\/#website\",\"url\":\"https:\\\/\\\/humance.ca\\\/fr\\\/\",\"name\":\"Humance\",\"description\":\"Culture &amp; Performance\",\"publisher\":{\"@id\":\"https:\\\/\\\/humance.ca\\\/fr\\\/#organization\"},\"potentialAction\":[{\"@type\":\"SearchAction\",\"target\":{\"@type\":\"EntryPoint\",\"urlTemplate\":\"https:\\\/\\\/humance.ca\\\/fr\\\/?s={search_term_string}\"},\"query-input\":{\"@type\":\"PropertyValueSpecification\",\"valueRequired\":true,\"valueName\":\"search_term_string\"}}],\"inLanguage\":\"fr-CA\"},{\"@type\":\"Organization\",\"@id\":\"https:\\\/\\\/humance.ca\\\/fr\\\/#organization\",\"name\":\"Humance\",\"url\":\"https:\\\/\\\/humance.ca\\\/fr\\\/\",\"logo\":{\"@type\":\"ImageObject\",\"inLanguage\":\"fr-CA\",\"@id\":\"https:\\\/\\\/humance.ca\\\/fr\\\/#\\\/schema\\\/logo\\\/image\\\/\",\"url\":\"https:\\\/\\\/humance.ca\\\/wp-content\\\/uploads\\\/2018\\\/08\\\/LOGO_Humance_Tagline.png\",\"contentUrl\":\"https:\\\/\\\/humance.ca\\\/wp-content\\\/uploads\\\/2018\\\/08\\\/LOGO_Humance_Tagline.png\",\"width\":604,\"height\":200,\"caption\":\"Humance\"},\"image\":{\"@id\":\"https:\\\/\\\/humance.ca\\\/fr\\\/#\\\/schema\\\/logo\\\/image\\\/\"}},{\"@type\":\"Person\",\"@id\":\"https:\\\/\\\/humance.ca\\\/fr\\\/#\\\/schema\\\/person\\\/06dd5ba732ad83b5efbf8524195de214\",\"name\":\"Jade Mosry\",\"image\":{\"@type\":\"ImageObject\",\"inLanguage\":\"fr-CA\",\"@id\":\"https:\\\/\\\/secure.gravatar.com\\\/avatar\\\/6e1d3b590ab659b5bafd904a387648e0173647293290caea4a9a468b74ce6477?s=96&d=mm&r=g\",\"url\":\"https:\\\/\\\/secure.gravatar.com\\\/avatar\\\/6e1d3b590ab659b5bafd904a387648e0173647293290caea4a9a468b74ce6477?s=96&d=mm&r=g\",\"contentUrl\":\"https:\\\/\\\/secure.gravatar.com\\\/avatar\\\/6e1d3b590ab659b5bafd904a387648e0173647293290caea4a9a468b74ce6477?s=96&d=mm&r=g\",\"caption\":\"Jade Mosry\"}}]}<\/script>\n<!-- \/ Yoast SEO plugin. -->","yoast_head_json":{"title":"Nadia Ferrah nomm\u00e9e Leader \u00e9quit\u00e9, diversit\u00e9 et inclusion (EDI) | Humance","description":"Nous avons le plaisir d\u2019annoncer l\u2019arriv\u00e9e de Nadia Ferrah \u00e0 titre de leader EDI chez Humance. D\u00e9tenant un profil international et plus de 20 ans","robots":{"index":"index","follow":"follow","max-snippet":"max-snippet:-1","max-image-preview":"max-image-preview:large","max-video-preview":"max-video-preview:-1"},"canonical":"https:\/\/humance.ca\/fr\/blog\/nadia-ferrah-nommee-leader-edi\/","og_locale":"fr_CA","og_type":"article","og_title":"Nadia Ferrah nomm\u00e9e Leader \u00e9quit\u00e9, diversit\u00e9 et inclusion (EDI) | Humance","og_description":"Nous avons le plaisir d\u2019annoncer l\u2019arriv\u00e9e de Nadia Ferrah \u00e0 titre de leader EDI chez Humance. D\u00e9tenant un profil international et plus de 20 ans","og_url":"https:\/\/humance.ca\/fr\/blog\/nadia-ferrah-nommee-leader-edi\/","og_site_name":"Humance","article_published_time":"2023-10-12T17:55:14+00:00","article_modified_time":"2023-10-31T15:58:13+00:00","og_image":[{"width":1920,"height":1130,"url":"https:\/\/humance.ca\/wp-content\/uploads\/2023\/10\/nouvelle-leader-edi-2.png","type":"image\/png"}],"author":"Jade Mosry","twitter_card":"summary_large_image","schema":{"@context":"https:\/\/schema.org","@graph":[{"@type":"Article","@id":"https:\/\/humance.ca\/fr\/blog\/nadia-ferrah-nommee-leader-edi\/#article","isPartOf":{"@id":"https:\/\/humance.ca\/fr\/blog\/nadia-ferrah-nommee-leader-edi\/"},"author":{"name":"Jade Mosry","@id":"https:\/\/humance.ca\/fr\/#\/schema\/person\/06dd5ba732ad83b5efbf8524195de214"},"headline":"Nadia Ferrah nomm\u00e9e Leader \u00e9quit\u00e9, diversit\u00e9 et inclusion (EDI)","datePublished":"2023-10-12T17:55:14+00:00","dateModified":"2023-10-31T15:58:13+00:00","mainEntityOfPage":{"@id":"https:\/\/humance.ca\/fr\/blog\/nadia-ferrah-nommee-leader-edi\/"},"wordCount":322,"publisher":{"@id":"https:\/\/humance.ca\/fr\/#organization"},"image":{"@id":"https:\/\/humance.ca\/fr\/blog\/nadia-ferrah-nommee-leader-edi\/#primaryimage"},"thumbnailUrl":"https:\/\/humance.ca\/wp-content\/uploads\/2023\/10\/nouvelle-leader-edi-2.png","articleSection":["Nouvelles"],"inLanguage":"fr-CA"},{"@type":"WebPage","@id":"https:\/\/humance.ca\/fr\/blog\/nadia-ferrah-nommee-leader-edi\/","url":"https:\/\/humance.ca\/fr\/blog\/nadia-ferrah-nommee-leader-edi\/","name":"Nadia Ferrah nomm\u00e9e Leader \u00e9quit\u00e9, diversit\u00e9 et inclusion (EDI) | Humance","isPartOf":{"@id":"https:\/\/humance.ca\/fr\/#website"},"primaryImageOfPage":{"@id":"https:\/\/humance.ca\/fr\/blog\/nadia-ferrah-nommee-leader-edi\/#primaryimage"},"image":{"@id":"https:\/\/humance.ca\/fr\/blog\/nadia-ferrah-nommee-leader-edi\/#primaryimage"},"thumbnailUrl":"https:\/\/humance.ca\/wp-content\/uploads\/2023\/10\/nouvelle-leader-edi-2.png","datePublished":"2023-10-12T17:55:14+00:00","dateModified":"2023-10-31T15:58:13+00:00","description":"Nous avons le plaisir d\u2019annoncer l\u2019arriv\u00e9e de Nadia Ferrah \u00e0 titre de leader EDI chez Humance. D\u00e9tenant un profil international et plus de 20 ans","breadcrumb":{"@id":"https:\/\/humance.ca\/fr\/blog\/nadia-ferrah-nommee-leader-edi\/#breadcrumb"},"inLanguage":"fr-CA","potentialAction":[{"@type":"ReadAction","target":["https:\/\/humance.ca\/fr\/blog\/nadia-ferrah-nommee-leader-edi\/"]}]},{"@type":"ImageObject","inLanguage":"fr-CA","@id":"https:\/\/humance.ca\/fr\/blog\/nadia-ferrah-nommee-leader-edi\/#primaryimage","url":"https:\/\/humance.ca\/wp-content\/uploads\/2023\/10\/nouvelle-leader-edi-2.png","contentUrl":"https:\/\/humance.ca\/wp-content\/uploads\/2023\/10\/nouvelle-leader-edi-2.png","width":1920,"height":1130},{"@type":"BreadcrumbList","@id":"https:\/\/humance.ca\/fr\/blog\/nadia-ferrah-nommee-leader-edi\/#breadcrumb","itemListElement":[{"@type":"ListItem","position":1,"name":"Home","item":"https:\/\/humance.ca\/fr\/"},{"@type":"ListItem","position":2,"name":"Nadia Ferrah nomm\u00e9e Leader \u00e9quit\u00e9, diversit\u00e9 et inclusion (EDI)"}]},{"@type":"WebSite","@id":"https:\/\/humance.ca\/fr\/#website","url":"https:\/\/humance.ca\/fr\/","name":"Humance","description":"Culture &amp; Performance","publisher":{"@id":"https:\/\/humance.ca\/fr\/#organization"},"potentialAction":[{"@type":"SearchAction","target":{"@type":"EntryPoint","urlTemplate":"https:\/\/humance.ca\/fr\/?s={search_term_string}"},"query-input":{"@type":"PropertyValueSpecification","valueRequired":true,"valueName":"search_term_string"}}],"inLanguage":"fr-CA"},{"@type":"Organization","@id":"https:\/\/humance.ca\/fr\/#organization","name":"Humance","url":"https:\/\/humance.ca\/fr\/","logo":{"@type":"ImageObject","inLanguage":"fr-CA","@id":"https:\/\/humance.ca\/fr\/#\/schema\/logo\/image\/","url":"https:\/\/humance.ca\/wp-content\/uploads\/2018\/08\/LOGO_Humance_Tagline.png","contentUrl":"https:\/\/humance.ca\/wp-content\/uploads\/2018\/08\/LOGO_Humance_Tagline.png","width":604,"height":200,"caption":"Humance"},"image":{"@id":"https:\/\/humance.ca\/fr\/#\/schema\/logo\/image\/"}},{"@type":"Person","@id":"https:\/\/humance.ca\/fr\/#\/schema\/person\/06dd5ba732ad83b5efbf8524195de214","name":"Jade Mosry","image":{"@type":"ImageObject","inLanguage":"fr-CA","@id":"https:\/\/secure.gravatar.com\/avatar\/6e1d3b590ab659b5bafd904a387648e0173647293290caea4a9a468b74ce6477?s=96&d=mm&r=g","url":"https:\/\/secure.gravatar.com\/avatar\/6e1d3b590ab659b5bafd904a387648e0173647293290caea4a9a468b74ce6477?s=96&d=mm&r=g","contentUrl":"https:\/\/secure.gravatar.com\/avatar\/6e1d3b590ab659b5bafd904a387648e0173647293290caea4a9a468b74ce6477?s=96&d=mm&r=g","caption":"Jade Mosry"}}]}},"_links":{"self":[{"href":"https:\/\/humance.ca\/fr\/wp-json\/wp\/v2\/posts\/36609","targetHints":{"allow":["GET"]}}],"collection":[{"href":"https:\/\/humance.ca\/fr\/wp-json\/wp\/v2\/posts"}],"about":[{"href":"https:\/\/humance.ca\/fr\/wp-json\/wp\/v2\/types\/post"}],"author":[{"embeddable":true,"href":"https:\/\/humance.ca\/fr\/wp-json\/wp\/v2\/users\/25"}],"replies":[{"embeddable":true,"href":"https:\/\/humance.ca\/fr\/wp-json\/wp\/v2\/comments?post=36609"}],"version-history":[{"count":11,"href":"https:\/\/humance.ca\/fr\/wp-json\/wp\/v2\/posts\/36609\/revisions"}],"predecessor-version":[{"id":36683,"href":"https:\/\/humance.ca\/fr\/wp-json\/wp\/v2\/posts\/36609\/revisions\/36683"}],"wp:featuredmedia":[{"embeddable":true,"href":"https:\/\/humance.ca\/fr\/wp-json\/wp\/v2\/media\/36680"}],"wp:attachment":[{"href":"https:\/\/humance.ca\/fr\/wp-json\/wp\/v2\/media?parent=36609"}],"wp:term":[{"taxonomy":"category","embeddable":true,"href":"https:\/\/humance.ca\/fr\/wp-json\/wp\/v2\/categories?post=36609"},{"taxonomy":"post_tag","embeddable":true,"href":"https:\/\/humance.ca\/fr\/wp-json\/wp\/v2\/tags?post=36609"}],"curies":[{"name":"wp","href":"https:\/\/api.w.org\/{rel}","templated":true}]}}