{"id":36100,"date":"2023-09-28T12:46:38","date_gmt":"2023-09-28T16:46:38","guid":{"rendered":"https:\/\/humance.ca\/?p=36100"},"modified":"2025-02-20T08:29:25","modified_gmt":"2025-02-20T13:29:25","slug":"hrm-se-joint-a-humance-une-expertise-en-marque-employeur-enrichie","status":"publish","type":"post","link":"https:\/\/humance.ca\/fr\/blog\/hrm-se-joint-a-humance-une-expertise-en-marque-employeur-enrichie\/","title":{"rendered":"HRM se joint \u00e0 Humance\u202f: une expertise en marque employeur enrichie"},"content":{"rendered":"\t\t<div data-elementor-type=\"wp-post\" data-elementor-id=\"36100\" class=\"elementor elementor-36100\" data-elementor-post-type=\"post\">\n\t\t\t\t\t\t<section class=\"elementor-section elementor-top-section elementor-element elementor-element-3cd8b71 elementor-section-boxed elementor-section-height-default elementor-section-height-default\" data-id=\"3cd8b71\" data-element_type=\"section\" data-e-type=\"section\" data-settings=\"{&quot;jet_parallax_layout_list&quot;:[],&quot;background_background&quot;:&quot;classic&quot;,&quot;background_image&quot;:{&quot;url&quot;:&quot;&quot;,&quot;id&quot;:&quot;&quot;,&quot;size&quot;:&quot;&quot;},&quot;background_image_tablet&quot;:{&quot;url&quot;:&quot;&quot;,&quot;id&quot;:&quot;&quot;,&quot;size&quot;:&quot;&quot;},&quot;background_image_mobile&quot;:{&quot;url&quot;:&quot;&quot;,&quot;id&quot;:&quot;&quot;,&quot;size&quot;:&quot;&quot;}}\">\n\t\t\t\t\t\t<div class=\"elementor-container elementor-column-gap-default\">\n\t\t\t\t\t<div class=\"elementor-column elementor-col-100 elementor-top-column elementor-element elementor-element-58f7b6c\" data-id=\"58f7b6c\" data-element_type=\"column\" data-e-type=\"column\">\n\t\t\t<div class=\"elementor-widget-wrap elementor-element-populated\">\n\t\t\t\t\t\t<section class=\"elementor-section elementor-inner-section elementor-element elementor-element-539e011 elementor-section-boxed elementor-section-height-default elementor-section-height-default\" data-id=\"539e011\" data-element_type=\"section\" data-e-type=\"section\" data-settings=\"{&quot;jet_parallax_layout_list&quot;:[]}\">\n\t\t\t\t\t\t<div class=\"elementor-container elementor-column-gap-default\">\n\t\t\t\t\t<div class=\"elementor-column elementor-col-100 elementor-inner-column elementor-element elementor-element-b80ce4d\" data-id=\"b80ce4d\" data-element_type=\"column\" data-e-type=\"column\">\n\t\t\t<div class=\"elementor-widget-wrap elementor-element-populated\">\n\t\t\t\t\t\t<div class=\"elementor-element elementor-element-80b59f4 elementor-widget elementor-widget-text-editor\" data-id=\"80b59f4\" data-element_type=\"widget\" data-e-type=\"widget\" data-widget_type=\"text-editor.default\">\n\t\t\t\t<div class=\"elementor-widget-container\">\n\t\t\t\t\t\t\t\t\t<p>Montr\u00e9al, le 28 septembre 2023 \u2013 Nous sommes heureux d\u2019annoncer que <a href=\"https:\/\/www.hrmgroupe.com\/\" target=\"_blank\" rel=\"noopener\">HRM Groupe<\/a> et ses cofondateurs, Emilie Pelletier et Didier Dubois, se joignent \u00e0 Humance. Gr\u00e2ce \u00e0 cette alliance, Humance solidifie sa position de leader en enrichissant son expertise en marque employeur, \u00e9l\u00e9ment essentiel d\u2019une culture organisationnelle forte.<\/p><p>Au cours des 15 derni\u00e8res ann\u00e9es, HRM a accompagn\u00e9 les entreprises dans l\u2019identification et la mise en \u0153uvre de pratiques innovantes pour attirer et fid\u00e9liser les talents. \u00c0 ce jour, c\u2019est plus d\u2019une centaine d\u2019organisations qui ont confi\u00e9 \u00e0 la firme la conception ou l\u2019am\u00e9lioration de leur marque employeur et de l\u2019exp\u00e9rience employ\u00e9.<\/p><p>\u00c9tienne Beaulieu, associ\u00e9 chez Humance, salue avec enthousiasme l\u2019arriv\u00e9e de HRM. \u00ab\u202fLa compl\u00e9mentarit\u00e9 de HRM et de Humance nous permet maintenant d\u2019offrir des services de marque employeur dans leur int\u00e9gralit\u00e9 tout en rehaussant l\u2019exp\u00e9rience employ\u00e9\u202fqui est tellement importante \u00bb.\u00a0 \u00a0<\/p><p>Forte de son \u00e9quipe de plus de 140 sp\u00e9cialistes \u00e0 travers le Canada, Humance est fi\u00e8re de contribuer au d\u00e9veloppement des leaders et de leurs \u00e9quipes afin que les organisations soient plus humaines, performantes et p\u00e9rennes. Ses technologies et plateformes de pointe donnent lieu \u00e0 des solutions int\u00e9gr\u00e9es et d\u2019actualit\u00e9 avec retour sur investissement consid\u00e9rable.\u00a0<\/p><p>Cette collaboration est tout \u00e0 fait naturelle pour Didier et Emilie, cofondateurs de HRM. \u00ab\u202fEn nous unissant \u00e0 Humance, nous avons acc\u00e8s \u00e0 des expertises diversifi\u00e9es qui \u00e9largissent nos horizons et possibilit\u00e9s. Notre exp\u00e9rience respective, tant en marketing RH qu\u2019en exp\u00e9rience employ\u00e9 et candidat, cr\u00e9e une valeur maximale pour notre client\u00e8le\u202f\u00bb.<\/p><p>Humance et HRM partagent la conviction profonde que l\u2019humain est au c\u0153ur de l\u2019\u00e9volution et de la performance des organisations.\u00a0<\/p>\t\t\t\t\t\t\t\t<\/div>\n\t\t\t\t<\/div>\n\t\t\t\t\t<\/div>\n\t\t<\/div>\n\t\t\t\t\t<\/div>\n\t\t<\/section>\n\t\t\t\t\t<\/div>\n\t\t<\/div>\n\t\t\t\t\t<\/div>\n\t\t<\/section>\n\t\t\t\t<section class=\"elementor-section elementor-top-section elementor-element elementor-element-dd5fe8a elementor-section-boxed elementor-section-height-default elementor-section-height-default\" data-id=\"dd5fe8a\" data-element_type=\"section\" data-e-type=\"section\" data-settings=\"{&quot;jet_parallax_layout_list&quot;:[]}\">\n\t\t\t\t\t\t<div class=\"elementor-container elementor-column-gap-default\">\n\t\t\t\t\t<div class=\"elementor-column elementor-col-100 elementor-top-column elementor-element elementor-element-3c30010\" data-id=\"3c30010\" data-element_type=\"column\" data-e-type=\"column\">\n\t\t\t<div class=\"elementor-widget-wrap elementor-element-populated\">\n\t\t\t\t\t\t<div class=\"elementor-element elementor-element-cd24b85 elementor-widget elementor-widget-image\" data-id=\"cd24b85\" data-element_type=\"widget\" data-e-type=\"widget\" data-widget_type=\"image.default\">\n\t\t\t\t<div class=\"elementor-widget-container\">\n\t\t\t\t\t\t\t\t\t\t\t\t\t\t\t<img fetchpriority=\"high\" decoding=\"async\" width=\"1024\" height=\"341\" src=\"https:\/\/humance.ca\/wp-content\/uploads\/2023\/09\/humance-hrm_infolettre_v1-1024x341.png\" class=\"attachment-large size-large wp-image-36144\" alt=\"\" srcset=\"https:\/\/humance.ca\/wp-content\/uploads\/2023\/09\/humance-hrm_infolettre_v1-1024x341.png 1024w, https:\/\/humance.ca\/wp-content\/uploads\/2023\/09\/humance-hrm_infolettre_v1-300x100.png 300w, https:\/\/humance.ca\/wp-content\/uploads\/2023\/09\/humance-hrm_infolettre_v1-768x256.png 768w, https:\/\/humance.ca\/wp-content\/uploads\/2023\/09\/humance-hrm_infolettre_v1-1536x512.png 1536w, https:\/\/humance.ca\/wp-content\/uploads\/2023\/09\/humance-hrm_infolettre_v1-150x50.png 150w, https:\/\/humance.ca\/wp-content\/uploads\/2023\/09\/humance-hrm_infolettre_v1.png 1920w\" sizes=\"(max-width: 1024px) 100vw, 1024px\" \/>\t\t\t\t\t\t\t\t\t\t\t\t\t\t\t<\/div>\n\t\t\t\t<\/div>\n\t\t\t\t\t<\/div>\n\t\t<\/div>\n\t\t\t\t\t<\/div>\n\t\t<\/section>\n\t\t\t\t<section class=\"elementor-section elementor-top-section elementor-element elementor-element-43171b1 elementor-section-boxed elementor-section-height-default elementor-section-height-default\" data-id=\"43171b1\" data-element_type=\"section\" data-e-type=\"section\" data-settings=\"{&quot;jet_parallax_layout_list&quot;:[]}\">\n\t\t\t\t\t\t<div class=\"elementor-container elementor-column-gap-default\">\n\t\t\t\t\t<div class=\"elementor-column elementor-col-100 elementor-top-column elementor-element elementor-element-8eb8a1d\" data-id=\"8eb8a1d\" data-element_type=\"column\" data-e-type=\"column\">\n\t\t\t<div class=\"elementor-widget-wrap elementor-element-populated\">\n\t\t\t\t\t\t<section class=\"elementor-section elementor-inner-section elementor-element elementor-element-c3ec4e1 elementor-section-boxed elementor-section-height-default elementor-section-height-default\" data-id=\"c3ec4e1\" data-element_type=\"section\" data-e-type=\"section\" data-settings=\"{&quot;jet_parallax_layout_list&quot;:[]}\">\n\t\t\t\t\t\t<div class=\"elementor-container elementor-column-gap-default\">\n\t\t\t\t\t<div class=\"elementor-column elementor-col-100 elementor-inner-column elementor-element elementor-element-b2bc2a0\" data-id=\"b2bc2a0\" data-element_type=\"column\" data-e-type=\"column\">\n\t\t\t<div class=\"elementor-widget-wrap elementor-element-populated\">\n\t\t\t\t\t\t<div class=\"elementor-element elementor-element-5a44fff elementor-widget-divider--view-line elementor-widget elementor-widget-divider\" data-id=\"5a44fff\" data-element_type=\"widget\" data-e-type=\"widget\" data-widget_type=\"divider.default\">\n\t\t\t\t<div class=\"elementor-widget-container\">\n\t\t\t\t\t\t\t<div class=\"elementor-divider\">\n\t\t\t<span class=\"elementor-divider-separator\">\n\t\t\t\t\t\t<\/span>\n\t\t<\/div>\n\t\t\t\t\t\t<\/div>\n\t\t\t\t<\/div>\n\t\t\t\t\t<\/div>\n\t\t<\/div>\n\t\t\t\t\t<\/div>\n\t\t<\/section>\n\t\t\t\t\t<\/div>\n\t\t<\/div>\n\t\t\t\t\t<\/div>\n\t\t<\/section>\n\t\t\t\t<section class=\"elementor-section elementor-top-section elementor-element elementor-element-699324b elementor-section-boxed elementor-section-height-default elementor-section-height-default\" data-id=\"699324b\" data-element_type=\"section\" data-e-type=\"section\" data-settings=\"{&quot;jet_parallax_layout_list&quot;:[]}\">\n\t\t\t\t\t\t<div class=\"elementor-container elementor-column-gap-default\">\n\t\t\t\t\t<div class=\"elementor-column elementor-col-100 elementor-top-column elementor-element elementor-element-c7dcfec\" data-id=\"c7dcfec\" data-element_type=\"column\" data-e-type=\"column\">\n\t\t\t<div class=\"elementor-widget-wrap elementor-element-populated\">\n\t\t\t\t\t\t<section class=\"elementor-section elementor-inner-section elementor-element elementor-element-81f6129 elementor-section-boxed elementor-section-height-default elementor-section-height-default\" data-id=\"81f6129\" data-element_type=\"section\" data-e-type=\"section\" data-settings=\"{&quot;jet_parallax_layout_list&quot;:[]}\">\n\t\t\t\t\t\t<div class=\"elementor-container elementor-column-gap-default\">\n\t\t\t\t\t<div class=\"elementor-column elementor-col-50 elementor-inner-column elementor-element elementor-element-8e4a680\" data-id=\"8e4a680\" data-element_type=\"column\" data-e-type=\"column\">\n\t\t\t<div class=\"elementor-widget-wrap elementor-element-populated\">\n\t\t\t\t\t\t<div class=\"elementor-element elementor-element-e874ff2 elementor-widget__width-initial elementor-widget elementor-widget-image\" data-id=\"e874ff2\" data-element_type=\"widget\" data-e-type=\"widget\" data-widget_type=\"image.default\">\n\t\t\t\t<div class=\"elementor-widget-container\">\n\t\t\t\t\t\t\t\t\t\t\t\t\t\t\t<img decoding=\"async\" width=\"1024\" height=\"1024\" src=\"https:\/\/humance.ca\/wp-content\/uploads\/2023\/09\/didier-infolettre-1024x1024.png\" class=\"attachment-large size-large wp-image-36106\" alt=\"\" srcset=\"https:\/\/humance.ca\/wp-content\/uploads\/2023\/09\/didier-infolettre-1024x1024.png 1024w, https:\/\/humance.ca\/wp-content\/uploads\/2023\/09\/didier-infolettre-300x300.png 300w, https:\/\/humance.ca\/wp-content\/uploads\/2023\/09\/didier-infolettre-150x150.png 150w, https:\/\/humance.ca\/wp-content\/uploads\/2023\/09\/didier-infolettre-768x768.png 768w, https:\/\/humance.ca\/wp-content\/uploads\/2023\/09\/didier-infolettre.png 1080w\" sizes=\"(max-width: 1024px) 100vw, 1024px\" \/>\t\t\t\t\t\t\t\t\t\t\t\t\t\t\t<\/div>\n\t\t\t\t<\/div>\n\t\t\t\t\t<\/div>\n\t\t<\/div>\n\t\t\t\t<div class=\"elementor-column elementor-col-50 elementor-inner-column elementor-element elementor-element-2ca53b6\" data-id=\"2ca53b6\" data-element_type=\"column\" data-e-type=\"column\">\n\t\t\t<div class=\"elementor-widget-wrap elementor-element-populated\">\n\t\t\t\t\t\t<div class=\"elementor-element elementor-element-e4aa386 elementor-widget elementor-widget-heading\" data-id=\"e4aa386\" data-element_type=\"widget\" data-e-type=\"widget\" data-widget_type=\"heading.default\">\n\t\t\t\t<div class=\"elementor-widget-container\">\n\t\t\t\t\t<h2 class=\"elementor-heading-title elementor-size-default\">Didier Dubois<\/h2>\t\t\t\t<\/div>\n\t\t\t\t<\/div>\n\t\t\t\t<div class=\"elementor-element elementor-element-ef6498f elementor-widget-divider--view-line elementor-widget elementor-widget-divider\" data-id=\"ef6498f\" data-element_type=\"widget\" data-e-type=\"widget\" data-widget_type=\"divider.default\">\n\t\t\t\t<div class=\"elementor-widget-container\">\n\t\t\t\t\t\t\t<div class=\"elementor-divider\">\n\t\t\t<span class=\"elementor-divider-separator\">\n\t\t\t\t\t\t<\/span>\n\t\t<\/div>\n\t\t\t\t\t\t<\/div>\n\t\t\t\t<\/div>\n\t\t\t\t<div class=\"elementor-element elementor-element-f47b1bc elementor-widget elementor-widget-text-editor\" data-id=\"f47b1bc\" data-element_type=\"widget\" data-e-type=\"widget\" data-widget_type=\"text-editor.default\">\n\t\t\t\t<div class=\"elementor-widget-container\">\n\t\t\t\t\t\t\t\t\t<p><strong><span class=\"NormalTextRun SpellingErrorV2Themed SCXW168094322 BCX0\">CRHA, Distinction Fellow<\/span><\/strong><\/p>\t\t\t\t\t\t\t\t<\/div>\n\t\t\t\t<\/div>\n\t\t\t\t<div class=\"elementor-element elementor-element-69bbb10 elementor-widget elementor-widget-text-editor\" data-id=\"69bbb10\" data-element_type=\"widget\" data-e-type=\"widget\" data-widget_type=\"text-editor.default\">\n\t\t\t\t<div class=\"elementor-widget-container\">\n\t\t\t\t\t\t\t\t\t<p><span class=\"TextRun SCXW86022397 BCX0\" lang=\"FR-CA\" xml:lang=\"FR-CA\" data-contrast=\"auto\"><span class=\"NormalTextRun SCXW86022397 BCX0\">Didier Dubois, CRHA, Distinction&nbsp;<\/span><span class=\"NormalTextRun SpellingErrorV2Themed SCXW86022397 BCX0\">Fellow<\/span><span class=\"NormalTextRun SCXW86022397 BCX0\">, est un<\/span><span class=\"NormalTextRun SCXW86022397 BCX0\">e r\u00e9f\u00e9rence<\/span><span class=\"NormalTextRun SCXW86022397 BCX0\">&nbsp;en ressources humaines&nbsp;<\/span><span class=\"NormalTextRun SCXW86022397 BCX0\">qui&nbsp;<\/span><span class=\"NormalTextRun SCXW86022397 BCX0\">cumule plus de 30 ans d\u2019exp\u00e9rience.<\/span>&nbsp;<span class=\"NormalTextRun SCXW86022397 BCX0\">Cofondateur d\u2019HRM et du magazine Web FacteurH.com, Didier met \u00e0 profit son expertise pour aider les organisations \u00e0 attirer, recruter et fid\u00e9liser les meilleurs talents.<\/span>&nbsp;<span class=\"NormalTextRun SCXW86022397 BCX0\">Fort de sa vision strat\u00e9gique et de sa connaissance approfondie du march\u00e9 du travail, il est en mesure de proposer des solutions efficaces, personnalis\u00e9es et innovantes pour renforcer le capital humain des organisations et les propulser vers des r\u00e9sultats&nbsp;<\/span><span class=\"NormalTextRun SCXW86022397 BCX0\">remarquables.<\/span><\/span><span class=\"EOP SCXW86022397 BCX0\" data-ccp-props=\"{&quot;134233117&quot;:true,&quot;134233118&quot;:true,&quot;201341983&quot;:0,&quot;335559739&quot;:0,&quot;335559740&quot;:240}\">&nbsp;<\/span><\/p>\t\t\t\t\t\t\t\t<\/div>\n\t\t\t\t<\/div>\n\t\t\t\t<div class=\"elementor-element elementor-element-179db0d elementor-view-default elementor-widget elementor-widget-icon\" data-id=\"179db0d\" data-element_type=\"widget\" data-e-type=\"widget\" data-widget_type=\"icon.default\">\n\t\t\t\t<div class=\"elementor-widget-container\">\n\t\t\t\t\t\t\t<div class=\"elementor-icon-wrapper\">\n\t\t\t<a class=\"elementor-icon\" href=\"https:\/\/www.linkedin.com\/in\/didierdubois\/\" target=\"_blank\">\n\t\t\t<i aria-hidden=\"true\" class=\"fab fa-linkedin-in\"><\/i>\t\t\t<\/a>\n\t\t<\/div>\n\t\t\t\t\t\t<\/div>\n\t\t\t\t<\/div>\n\t\t\t\t\t<\/div>\n\t\t<\/div>\n\t\t\t\t\t<\/div>\n\t\t<\/section>\n\t\t\t\t<section class=\"elementor-section elementor-inner-section elementor-element elementor-element-5ee9240 elementor-section-boxed elementor-section-height-default elementor-section-height-default\" data-id=\"5ee9240\" data-element_type=\"section\" data-e-type=\"section\" data-settings=\"{&quot;jet_parallax_layout_list&quot;:[]}\">\n\t\t\t\t\t\t<div class=\"elementor-container elementor-column-gap-default\">\n\t\t\t\t\t<div class=\"elementor-column elementor-col-50 elementor-inner-column elementor-element elementor-element-d67daec\" data-id=\"d67daec\" data-element_type=\"column\" data-e-type=\"column\">\n\t\t\t<div class=\"elementor-widget-wrap elementor-element-populated\">\n\t\t\t\t\t\t<div class=\"elementor-element elementor-element-a93607c elementor-widget__width-initial elementor-widget elementor-widget-image\" data-id=\"a93607c\" data-element_type=\"widget\" data-e-type=\"widget\" data-widget_type=\"image.default\">\n\t\t\t\t<div class=\"elementor-widget-container\">\n\t\t\t\t\t\t\t\t\t\t\t\t\t\t\t<img decoding=\"async\" width=\"1024\" height=\"1024\" src=\"https:\/\/humance.ca\/wp-content\/uploads\/2023\/09\/emilie-infolettre-1024x1024.png\" class=\"attachment-large size-large wp-image-36108\" alt=\"\" srcset=\"https:\/\/humance.ca\/wp-content\/uploads\/2023\/09\/emilie-infolettre-1024x1024.png 1024w, https:\/\/humance.ca\/wp-content\/uploads\/2023\/09\/emilie-infolettre-300x300.png 300w, https:\/\/humance.ca\/wp-content\/uploads\/2023\/09\/emilie-infolettre-150x150.png 150w, https:\/\/humance.ca\/wp-content\/uploads\/2023\/09\/emilie-infolettre-768x768.png 768w, https:\/\/humance.ca\/wp-content\/uploads\/2023\/09\/emilie-infolettre.png 1080w\" sizes=\"(max-width: 1024px) 100vw, 1024px\" \/>\t\t\t\t\t\t\t\t\t\t\t\t\t\t\t<\/div>\n\t\t\t\t<\/div>\n\t\t\t\t\t<\/div>\n\t\t<\/div>\n\t\t\t\t<div class=\"elementor-column elementor-col-50 elementor-inner-column elementor-element elementor-element-0beccf2\" data-id=\"0beccf2\" data-element_type=\"column\" data-e-type=\"column\">\n\t\t\t<div class=\"elementor-widget-wrap elementor-element-populated\">\n\t\t\t\t\t\t<div class=\"elementor-element elementor-element-66b9c41 elementor-widget elementor-widget-heading\" data-id=\"66b9c41\" data-element_type=\"widget\" data-e-type=\"widget\" data-widget_type=\"heading.default\">\n\t\t\t\t<div class=\"elementor-widget-container\">\n\t\t\t\t\t<h2 class=\"elementor-heading-title elementor-size-default\">Emilie Pelletier<\/h2>\t\t\t\t<\/div>\n\t\t\t\t<\/div>\n\t\t\t\t<div class=\"elementor-element elementor-element-87635fd elementor-widget-divider--view-line elementor-widget elementor-widget-divider\" data-id=\"87635fd\" data-element_type=\"widget\" data-e-type=\"widget\" data-widget_type=\"divider.default\">\n\t\t\t\t<div class=\"elementor-widget-container\">\n\t\t\t\t\t\t\t<div class=\"elementor-divider\">\n\t\t\t<span class=\"elementor-divider-separator\">\n\t\t\t\t\t\t<\/span>\n\t\t<\/div>\n\t\t\t\t\t\t<\/div>\n\t\t\t\t<\/div>\n\t\t\t\t<div class=\"elementor-element elementor-element-31f3508 elementor-widget elementor-widget-text-editor\" data-id=\"31f3508\" data-element_type=\"widget\" data-e-type=\"widget\" data-widget_type=\"text-editor.default\">\n\t\t\t\t<div class=\"elementor-widget-container\">\n\t\t\t\t\t\t\t\t\t<p><strong><span class=\"NormalTextRun SpellingErrorV2Themed SCXW168094322 BCX0\">M. Sc., CRHA<\/span><\/strong><\/p>\t\t\t\t\t\t\t\t<\/div>\n\t\t\t\t<\/div>\n\t\t\t\t<div class=\"elementor-element elementor-element-517fefa elementor-widget elementor-widget-text-editor\" data-id=\"517fefa\" data-element_type=\"widget\" data-e-type=\"widget\" data-widget_type=\"text-editor.default\">\n\t\t\t\t<div class=\"elementor-widget-container\">\n\t\t\t\t\t\t\t\t\t<p>Emilie Pelletier, CRHA, est une experte reconnue en communication et marketing RH, dont les r\u00e9alisations ont fait leur marque dans le domaine. Cofondatrice et consultante chez HRM, elle est \u00e9galement r\u00e9dactrice en chef et animatrice du magazine Web FacteurH.com. Elle met \u00e0 profit son savoir-faire et son exp\u00e9rience en communication et en marketing RH pour accompagner les organisations dans leurs strat\u00e9gies d&#8217;attraction, de recrutement, de fid\u00e9lisation de la main-d\u2019\u0153uvre, ainsi que dans le renforcement de leur marque employeur.<\/p>\t\t\t\t\t\t\t\t<\/div>\n\t\t\t\t<\/div>\n\t\t\t\t<div class=\"elementor-element elementor-element-c29a899 elementor-view-default elementor-widget elementor-widget-icon\" data-id=\"c29a899\" data-element_type=\"widget\" data-e-type=\"widget\" data-widget_type=\"icon.default\">\n\t\t\t\t<div class=\"elementor-widget-container\">\n\t\t\t\t\t\t\t<div class=\"elementor-icon-wrapper\">\n\t\t\t<a class=\"elementor-icon\" href=\"https:\/\/www.linkedin.com\/in\/emiliepelletier\/\" target=\"_blank\">\n\t\t\t<i aria-hidden=\"true\" class=\"fab fa-linkedin-in\"><\/i>\t\t\t<\/a>\n\t\t<\/div>\n\t\t\t\t\t\t<\/div>\n\t\t\t\t<\/div>\n\t\t\t\t\t<\/div>\n\t\t<\/div>\n\t\t\t\t\t<\/div>\n\t\t<\/section>\n\t\t\t\t\t<\/div>\n\t\t<\/div>\n\t\t\t\t\t<\/div>\n\t\t<\/section>\n\t\t\t\t<\/div>\n\t\t","protected":false},"excerpt":{"rendered":"<p>Montr\u00e9al, le 28 septembre 2023 \u2013 Nous sommes heureux d\u2019annoncer que HRM Groupe et ses cofondateurs, Emilie Pelletier et Didier Dubois, se joignent \u00e0 Humance. Gr\u00e2ce \u00e0 cette alliance, Humance&#8230; <br \/><a class=\"read-more\" href=\"https:\/\/humance.ca\/fr\/blog\/hrm-se-joint-a-humance-une-expertise-en-marque-employeur-enrichie\/\">Continuer la lecture<\/a><\/p>\n","protected":false},"author":25,"featured_media":36116,"comment_status":"closed","ping_status":"closed","sticky":false,"template":"","format":"standard","meta":{"_acf_changed":false,"inline_featured_image":false,"footnotes":""},"categories":[175,47],"tags":[],"class_list":["post-36100","post","type-post","status-publish","format-standard","has-post-thumbnail","hentry","category-marque-employeur","category-nouvelles"],"acf":[],"yoast_head":"<!-- This site is optimized with the Yoast SEO plugin v27.5 - https:\/\/yoast.com\/product\/yoast-seo-wordpress\/ -->\n<title>HRM se joint \u00e0 Humance\u202f: une expertise en marque employeur enrichie | Humance<\/title>\n<meta name=\"description\" content=\"Montr\u00e9al, le 28 septembre 2023 \u2013 Nous sommes heureux d\u2019annoncer que HRM Groupe et ses cofondateurs, Emilie Pelletier et Didier Dubois, se joignent \u00e0\" \/>\n<meta name=\"robots\" content=\"index, follow, max-snippet:-1, max-image-preview:large, max-video-preview:-1\" \/>\n<link rel=\"canonical\" href=\"https:\/\/humance.ca\/fr\/blog\/hrm-se-joint-a-humance-une-expertise-en-marque-employeur-enrichie\/\" \/>\n<meta property=\"og:locale\" content=\"fr_CA\" \/>\n<meta property=\"og:type\" content=\"article\" \/>\n<meta property=\"og:title\" content=\"HRM se joint \u00e0 Humance\u202f: une expertise en marque employeur enrichie | Humance\" \/>\n<meta property=\"og:description\" content=\"Montr\u00e9al, le 28 septembre 2023 \u2013 Nous sommes heureux d\u2019annoncer que HRM Groupe et ses cofondateurs, Emilie Pelletier et Didier Dubois, se joignent \u00e0\" \/>\n<meta property=\"og:url\" content=\"https:\/\/humance.ca\/fr\/blog\/hrm-se-joint-a-humance-une-expertise-en-marque-employeur-enrichie\/\" \/>\n<meta property=\"og:site_name\" content=\"Humance\" \/>\n<meta property=\"article:published_time\" content=\"2023-09-28T16:46:38+00:00\" \/>\n<meta property=\"article:modified_time\" content=\"2025-02-20T13:29:25+00:00\" \/>\n<meta property=\"og:image\" content=\"https:\/\/humance.ca\/wp-content\/uploads\/2023\/09\/humance-hrm_blog_v3.png\" \/>\n\t<meta property=\"og:image:width\" content=\"1920\" \/>\n\t<meta property=\"og:image:height\" content=\"1130\" \/>\n\t<meta property=\"og:image:type\" content=\"image\/png\" \/>\n<meta name=\"author\" content=\"Jade Mosry\" \/>\n<meta name=\"twitter:card\" content=\"summary_large_image\" \/>\n<script type=\"application\/ld+json\" class=\"yoast-schema-graph\">{\"@context\":\"https:\\\/\\\/schema.org\",\"@graph\":[{\"@type\":\"Article\",\"@id\":\"https:\\\/\\\/humance.ca\\\/fr\\\/blog\\\/hrm-se-joint-a-humance-une-expertise-en-marque-employeur-enrichie\\\/#article\",\"isPartOf\":{\"@id\":\"https:\\\/\\\/humance.ca\\\/fr\\\/blog\\\/hrm-se-joint-a-humance-une-expertise-en-marque-employeur-enrichie\\\/\"},\"author\":{\"name\":\"Jade Mosry\",\"@id\":\"https:\\\/\\\/humance.ca\\\/fr\\\/#\\\/schema\\\/person\\\/06dd5ba732ad83b5efbf8524195de214\"},\"headline\":\"HRM se joint \u00e0 Humance\u202f: une expertise en marque employeur enrichie\",\"datePublished\":\"2023-09-28T16:46:38+00:00\",\"dateModified\":\"2025-02-20T13:29:25+00:00\",\"mainEntityOfPage\":{\"@id\":\"https:\\\/\\\/humance.ca\\\/fr\\\/blog\\\/hrm-se-joint-a-humance-une-expertise-en-marque-employeur-enrichie\\\/\"},\"wordCount\":497,\"publisher\":{\"@id\":\"https:\\\/\\\/humance.ca\\\/fr\\\/#organization\"},\"image\":{\"@id\":\"https:\\\/\\\/humance.ca\\\/fr\\\/blog\\\/hrm-se-joint-a-humance-une-expertise-en-marque-employeur-enrichie\\\/#primaryimage\"},\"thumbnailUrl\":\"https:\\\/\\\/humance.ca\\\/wp-content\\\/uploads\\\/2023\\\/09\\\/humance-hrm_blog_v3.png\",\"articleSection\":[\"Marque employeur\",\"Nouvelles\"],\"inLanguage\":\"fr-CA\"},{\"@type\":\"WebPage\",\"@id\":\"https:\\\/\\\/humance.ca\\\/fr\\\/blog\\\/hrm-se-joint-a-humance-une-expertise-en-marque-employeur-enrichie\\\/\",\"url\":\"https:\\\/\\\/humance.ca\\\/fr\\\/blog\\\/hrm-se-joint-a-humance-une-expertise-en-marque-employeur-enrichie\\\/\",\"name\":\"HRM se joint \u00e0 Humance\u202f: une expertise en marque employeur enrichie | Humance\",\"isPartOf\":{\"@id\":\"https:\\\/\\\/humance.ca\\\/fr\\\/#website\"},\"primaryImageOfPage\":{\"@id\":\"https:\\\/\\\/humance.ca\\\/fr\\\/blog\\\/hrm-se-joint-a-humance-une-expertise-en-marque-employeur-enrichie\\\/#primaryimage\"},\"image\":{\"@id\":\"https:\\\/\\\/humance.ca\\\/fr\\\/blog\\\/hrm-se-joint-a-humance-une-expertise-en-marque-employeur-enrichie\\\/#primaryimage\"},\"thumbnailUrl\":\"https:\\\/\\\/humance.ca\\\/wp-content\\\/uploads\\\/2023\\\/09\\\/humance-hrm_blog_v3.png\",\"datePublished\":\"2023-09-28T16:46:38+00:00\",\"dateModified\":\"2025-02-20T13:29:25+00:00\",\"description\":\"Montr\u00e9al, le 28 septembre 2023 \u2013 Nous sommes heureux d\u2019annoncer que HRM Groupe et ses cofondateurs, Emilie Pelletier et Didier Dubois, se joignent \u00e0\",\"breadcrumb\":{\"@id\":\"https:\\\/\\\/humance.ca\\\/fr\\\/blog\\\/hrm-se-joint-a-humance-une-expertise-en-marque-employeur-enrichie\\\/#breadcrumb\"},\"inLanguage\":\"fr-CA\",\"potentialAction\":[{\"@type\":\"ReadAction\",\"target\":[\"https:\\\/\\\/humance.ca\\\/fr\\\/blog\\\/hrm-se-joint-a-humance-une-expertise-en-marque-employeur-enrichie\\\/\"]}]},{\"@type\":\"ImageObject\",\"inLanguage\":\"fr-CA\",\"@id\":\"https:\\\/\\\/humance.ca\\\/fr\\\/blog\\\/hrm-se-joint-a-humance-une-expertise-en-marque-employeur-enrichie\\\/#primaryimage\",\"url\":\"https:\\\/\\\/humance.ca\\\/wp-content\\\/uploads\\\/2023\\\/09\\\/humance-hrm_blog_v3.png\",\"contentUrl\":\"https:\\\/\\\/humance.ca\\\/wp-content\\\/uploads\\\/2023\\\/09\\\/humance-hrm_blog_v3.png\",\"width\":1920,\"height\":1130},{\"@type\":\"BreadcrumbList\",\"@id\":\"https:\\\/\\\/humance.ca\\\/fr\\\/blog\\\/hrm-se-joint-a-humance-une-expertise-en-marque-employeur-enrichie\\\/#breadcrumb\",\"itemListElement\":[{\"@type\":\"ListItem\",\"position\":1,\"name\":\"Home\",\"item\":\"https:\\\/\\\/humance.ca\\\/fr\\\/\"},{\"@type\":\"ListItem\",\"position\":2,\"name\":\"HRM se joint \u00e0 Humance\u202f: une expertise en marque employeur enrichie\"}]},{\"@type\":\"WebSite\",\"@id\":\"https:\\\/\\\/humance.ca\\\/fr\\\/#website\",\"url\":\"https:\\\/\\\/humance.ca\\\/fr\\\/\",\"name\":\"Humance\",\"description\":\"Culture &amp; Performance\",\"publisher\":{\"@id\":\"https:\\\/\\\/humance.ca\\\/fr\\\/#organization\"},\"potentialAction\":[{\"@type\":\"SearchAction\",\"target\":{\"@type\":\"EntryPoint\",\"urlTemplate\":\"https:\\\/\\\/humance.ca\\\/fr\\\/?s={search_term_string}\"},\"query-input\":{\"@type\":\"PropertyValueSpecification\",\"valueRequired\":true,\"valueName\":\"search_term_string\"}}],\"inLanguage\":\"fr-CA\"},{\"@type\":\"Organization\",\"@id\":\"https:\\\/\\\/humance.ca\\\/fr\\\/#organization\",\"name\":\"Humance\",\"url\":\"https:\\\/\\\/humance.ca\\\/fr\\\/\",\"logo\":{\"@type\":\"ImageObject\",\"inLanguage\":\"fr-CA\",\"@id\":\"https:\\\/\\\/humance.ca\\\/fr\\\/#\\\/schema\\\/logo\\\/image\\\/\",\"url\":\"https:\\\/\\\/humance.ca\\\/wp-content\\\/uploads\\\/2018\\\/08\\\/LOGO_Humance_Tagline.png\",\"contentUrl\":\"https:\\\/\\\/humance.ca\\\/wp-content\\\/uploads\\\/2018\\\/08\\\/LOGO_Humance_Tagline.png\",\"width\":604,\"height\":200,\"caption\":\"Humance\"},\"image\":{\"@id\":\"https:\\\/\\\/humance.ca\\\/fr\\\/#\\\/schema\\\/logo\\\/image\\\/\"}},{\"@type\":\"Person\",\"@id\":\"https:\\\/\\\/humance.ca\\\/fr\\\/#\\\/schema\\\/person\\\/06dd5ba732ad83b5efbf8524195de214\",\"name\":\"Jade Mosry\",\"image\":{\"@type\":\"ImageObject\",\"inLanguage\":\"fr-CA\",\"@id\":\"https:\\\/\\\/secure.gravatar.com\\\/avatar\\\/6e1d3b590ab659b5bafd904a387648e0173647293290caea4a9a468b74ce6477?s=96&d=mm&r=g\",\"url\":\"https:\\\/\\\/secure.gravatar.com\\\/avatar\\\/6e1d3b590ab659b5bafd904a387648e0173647293290caea4a9a468b74ce6477?s=96&d=mm&r=g\",\"contentUrl\":\"https:\\\/\\\/secure.gravatar.com\\\/avatar\\\/6e1d3b590ab659b5bafd904a387648e0173647293290caea4a9a468b74ce6477?s=96&d=mm&r=g\",\"caption\":\"Jade Mosry\"}}]}<\/script>\n<!-- \/ Yoast SEO plugin. -->","yoast_head_json":{"title":"HRM se joint \u00e0 Humance\u202f: une expertise en marque employeur enrichie | Humance","description":"Montr\u00e9al, le 28 septembre 2023 \u2013 Nous sommes heureux d\u2019annoncer que HRM Groupe et ses cofondateurs, Emilie Pelletier et Didier Dubois, se joignent \u00e0","robots":{"index":"index","follow":"follow","max-snippet":"max-snippet:-1","max-image-preview":"max-image-preview:large","max-video-preview":"max-video-preview:-1"},"canonical":"https:\/\/humance.ca\/fr\/blog\/hrm-se-joint-a-humance-une-expertise-en-marque-employeur-enrichie\/","og_locale":"fr_CA","og_type":"article","og_title":"HRM se joint \u00e0 Humance\u202f: une expertise en marque employeur enrichie | Humance","og_description":"Montr\u00e9al, le 28 septembre 2023 \u2013 Nous sommes heureux d\u2019annoncer que HRM Groupe et ses cofondateurs, Emilie Pelletier et Didier Dubois, se joignent \u00e0","og_url":"https:\/\/humance.ca\/fr\/blog\/hrm-se-joint-a-humance-une-expertise-en-marque-employeur-enrichie\/","og_site_name":"Humance","article_published_time":"2023-09-28T16:46:38+00:00","article_modified_time":"2025-02-20T13:29:25+00:00","og_image":[{"width":1920,"height":1130,"url":"https:\/\/humance.ca\/wp-content\/uploads\/2023\/09\/humance-hrm_blog_v3.png","type":"image\/png"}],"author":"Jade Mosry","twitter_card":"summary_large_image","schema":{"@context":"https:\/\/schema.org","@graph":[{"@type":"Article","@id":"https:\/\/humance.ca\/fr\/blog\/hrm-se-joint-a-humance-une-expertise-en-marque-employeur-enrichie\/#article","isPartOf":{"@id":"https:\/\/humance.ca\/fr\/blog\/hrm-se-joint-a-humance-une-expertise-en-marque-employeur-enrichie\/"},"author":{"name":"Jade Mosry","@id":"https:\/\/humance.ca\/fr\/#\/schema\/person\/06dd5ba732ad83b5efbf8524195de214"},"headline":"HRM se joint \u00e0 Humance\u202f: une expertise en marque employeur enrichie","datePublished":"2023-09-28T16:46:38+00:00","dateModified":"2025-02-20T13:29:25+00:00","mainEntityOfPage":{"@id":"https:\/\/humance.ca\/fr\/blog\/hrm-se-joint-a-humance-une-expertise-en-marque-employeur-enrichie\/"},"wordCount":497,"publisher":{"@id":"https:\/\/humance.ca\/fr\/#organization"},"image":{"@id":"https:\/\/humance.ca\/fr\/blog\/hrm-se-joint-a-humance-une-expertise-en-marque-employeur-enrichie\/#primaryimage"},"thumbnailUrl":"https:\/\/humance.ca\/wp-content\/uploads\/2023\/09\/humance-hrm_blog_v3.png","articleSection":["Marque employeur","Nouvelles"],"inLanguage":"fr-CA"},{"@type":"WebPage","@id":"https:\/\/humance.ca\/fr\/blog\/hrm-se-joint-a-humance-une-expertise-en-marque-employeur-enrichie\/","url":"https:\/\/humance.ca\/fr\/blog\/hrm-se-joint-a-humance-une-expertise-en-marque-employeur-enrichie\/","name":"HRM se joint \u00e0 Humance\u202f: une expertise en marque employeur enrichie | Humance","isPartOf":{"@id":"https:\/\/humance.ca\/fr\/#website"},"primaryImageOfPage":{"@id":"https:\/\/humance.ca\/fr\/blog\/hrm-se-joint-a-humance-une-expertise-en-marque-employeur-enrichie\/#primaryimage"},"image":{"@id":"https:\/\/humance.ca\/fr\/blog\/hrm-se-joint-a-humance-une-expertise-en-marque-employeur-enrichie\/#primaryimage"},"thumbnailUrl":"https:\/\/humance.ca\/wp-content\/uploads\/2023\/09\/humance-hrm_blog_v3.png","datePublished":"2023-09-28T16:46:38+00:00","dateModified":"2025-02-20T13:29:25+00:00","description":"Montr\u00e9al, le 28 septembre 2023 \u2013 Nous sommes heureux d\u2019annoncer que HRM Groupe et ses cofondateurs, Emilie Pelletier et Didier Dubois, se joignent \u00e0","breadcrumb":{"@id":"https:\/\/humance.ca\/fr\/blog\/hrm-se-joint-a-humance-une-expertise-en-marque-employeur-enrichie\/#breadcrumb"},"inLanguage":"fr-CA","potentialAction":[{"@type":"ReadAction","target":["https:\/\/humance.ca\/fr\/blog\/hrm-se-joint-a-humance-une-expertise-en-marque-employeur-enrichie\/"]}]},{"@type":"ImageObject","inLanguage":"fr-CA","@id":"https:\/\/humance.ca\/fr\/blog\/hrm-se-joint-a-humance-une-expertise-en-marque-employeur-enrichie\/#primaryimage","url":"https:\/\/humance.ca\/wp-content\/uploads\/2023\/09\/humance-hrm_blog_v3.png","contentUrl":"https:\/\/humance.ca\/wp-content\/uploads\/2023\/09\/humance-hrm_blog_v3.png","width":1920,"height":1130},{"@type":"BreadcrumbList","@id":"https:\/\/humance.ca\/fr\/blog\/hrm-se-joint-a-humance-une-expertise-en-marque-employeur-enrichie\/#breadcrumb","itemListElement":[{"@type":"ListItem","position":1,"name":"Home","item":"https:\/\/humance.ca\/fr\/"},{"@type":"ListItem","position":2,"name":"HRM se joint \u00e0 Humance\u202f: une expertise en marque employeur enrichie"}]},{"@type":"WebSite","@id":"https:\/\/humance.ca\/fr\/#website","url":"https:\/\/humance.ca\/fr\/","name":"Humance","description":"Culture &amp; Performance","publisher":{"@id":"https:\/\/humance.ca\/fr\/#organization"},"potentialAction":[{"@type":"SearchAction","target":{"@type":"EntryPoint","urlTemplate":"https:\/\/humance.ca\/fr\/?s={search_term_string}"},"query-input":{"@type":"PropertyValueSpecification","valueRequired":true,"valueName":"search_term_string"}}],"inLanguage":"fr-CA"},{"@type":"Organization","@id":"https:\/\/humance.ca\/fr\/#organization","name":"Humance","url":"https:\/\/humance.ca\/fr\/","logo":{"@type":"ImageObject","inLanguage":"fr-CA","@id":"https:\/\/humance.ca\/fr\/#\/schema\/logo\/image\/","url":"https:\/\/humance.ca\/wp-content\/uploads\/2018\/08\/LOGO_Humance_Tagline.png","contentUrl":"https:\/\/humance.ca\/wp-content\/uploads\/2018\/08\/LOGO_Humance_Tagline.png","width":604,"height":200,"caption":"Humance"},"image":{"@id":"https:\/\/humance.ca\/fr\/#\/schema\/logo\/image\/"}},{"@type":"Person","@id":"https:\/\/humance.ca\/fr\/#\/schema\/person\/06dd5ba732ad83b5efbf8524195de214","name":"Jade Mosry","image":{"@type":"ImageObject","inLanguage":"fr-CA","@id":"https:\/\/secure.gravatar.com\/avatar\/6e1d3b590ab659b5bafd904a387648e0173647293290caea4a9a468b74ce6477?s=96&d=mm&r=g","url":"https:\/\/secure.gravatar.com\/avatar\/6e1d3b590ab659b5bafd904a387648e0173647293290caea4a9a468b74ce6477?s=96&d=mm&r=g","contentUrl":"https:\/\/secure.gravatar.com\/avatar\/6e1d3b590ab659b5bafd904a387648e0173647293290caea4a9a468b74ce6477?s=96&d=mm&r=g","caption":"Jade Mosry"}}]}},"_links":{"self":[{"href":"https:\/\/humance.ca\/fr\/wp-json\/wp\/v2\/posts\/36100","targetHints":{"allow":["GET"]}}],"collection":[{"href":"https:\/\/humance.ca\/fr\/wp-json\/wp\/v2\/posts"}],"about":[{"href":"https:\/\/humance.ca\/fr\/wp-json\/wp\/v2\/types\/post"}],"author":[{"embeddable":true,"href":"https:\/\/humance.ca\/fr\/wp-json\/wp\/v2\/users\/25"}],"replies":[{"embeddable":true,"href":"https:\/\/humance.ca\/fr\/wp-json\/wp\/v2\/comments?post=36100"}],"version-history":[{"count":10,"href":"https:\/\/humance.ca\/fr\/wp-json\/wp\/v2\/posts\/36100\/revisions"}],"predecessor-version":[{"id":46782,"href":"https:\/\/humance.ca\/fr\/wp-json\/wp\/v2\/posts\/36100\/revisions\/46782"}],"wp:featuredmedia":[{"embeddable":true,"href":"https:\/\/humance.ca\/fr\/wp-json\/wp\/v2\/media\/36116"}],"wp:attachment":[{"href":"https:\/\/humance.ca\/fr\/wp-json\/wp\/v2\/media?parent=36100"}],"wp:term":[{"taxonomy":"category","embeddable":true,"href":"https:\/\/humance.ca\/fr\/wp-json\/wp\/v2\/categories?post=36100"},{"taxonomy":"post_tag","embeddable":true,"href":"https:\/\/humance.ca\/fr\/wp-json\/wp\/v2\/tags?post=36100"}],"curies":[{"name":"wp","href":"https:\/\/api.w.org\/{rel}","templated":true}]}}