{"id":27716,"date":"2022-10-13T11:01:07","date_gmt":"2022-10-13T15:01:07","guid":{"rendered":"https:\/\/humance.ca\/?p=27716"},"modified":"2022-11-10T14:18:52","modified_gmt":"2022-11-10T19:18:52","slug":"la-grande-resilience-ou-laccueil-de-la-nouvelle-realite","status":"publish","type":"post","link":"https:\/\/humance.ca\/fr\/blog\/la-grande-resilience-ou-laccueil-de-la-nouvelle-realite\/","title":{"rendered":"La grande r\u00e9silience ou l&#8217;accueil de la nouvelle r\u00e9alit\u00e9"},"content":{"rendered":"\t\t<div data-elementor-type=\"wp-post\" data-elementor-id=\"27716\" class=\"elementor elementor-27716\" data-elementor-post-type=\"post\">\n\t\t\t\t\t\t<section class=\"elementor-section elementor-top-section elementor-element elementor-element-970cb51 elementor-section-boxed elementor-section-height-default elementor-section-height-default\" data-id=\"970cb51\" data-element_type=\"section\" data-e-type=\"section\" data-settings=\"{&quot;jet_parallax_layout_list&quot;:[]}\">\n\t\t\t\t\t\t<div class=\"elementor-container elementor-column-gap-default\">\n\t\t\t\t\t<div class=\"elementor-column elementor-col-100 elementor-top-column elementor-element elementor-element-995fd58\" data-id=\"995fd58\" data-element_type=\"column\" data-e-type=\"column\">\n\t\t\t<div class=\"elementor-widget-wrap elementor-element-populated\">\n\t\t\t\t\t\t<div class=\"elementor-element elementor-element-00b4121 elementor-widget elementor-widget-text-editor\" data-id=\"00b4121\" data-element_type=\"widget\" data-e-type=\"widget\" data-widget_type=\"text-editor.default\">\n\t\t\t\t<div class=\"elementor-widget-container\">\n\t\t\t\t\t\t\t\t\t<p><span data-contrast=\"auto\">Nous ne traiterons pas ici de la<\/span> <b><span data-contrast=\"auto\">nouvelle normalit\u00e9<\/span><\/b><span data-contrast=\"auto\">, mais bien de la <\/span><b><span data-contrast=\"auto\">nouvelle r\u00e9alit\u00e9 <\/span><\/b><span data-contrast=\"auto\">du monde du travail.\u00a0<\/span><\/p><p><span data-contrast=\"auto\">Mars 2020 fut un moment de grand bouleversement soci\u00e9tal\u202f: une large part des travailleuses et des travailleurs ont \u00e9t\u00e9, sans pr\u00e9paration, forc\u00e9s au t\u00e9l\u00e9travail \u00e0 temps plein. Impression de fin du monde sur fond d\u2019incertitude et de peur\u2026<\/span><\/p><p><span data-contrast=\"auto\">Trente mois plus tard, ayant \u2013 en partie \u2013 circonscrit le mal mais vivant toujours avec l\u2019ins\u00e9curit\u00e9 et la crainte, o\u00f9 nous situons-nous? Devons-nous retourner au bureau et renouer avec la r\u00e9alit\u00e9 d\u2019avant qui nous semblait la normalit\u00e9?<\/span><\/p><p><span data-contrast=\"auto\">Que devrait \u00eatre dor\u00e9navant la r\u00e9alit\u00e9 du monde du travail? Le confinement a remis en question notre relation avec le travail et la place qu\u2019il doit occuper dans notre vie. Soudainement, notre existence de funambules marchant sur le fil<\/span><span data-contrast=\"auto\"> \u00e9troit<\/span><span data-contrast=\"auto\"> de l\u2019\u00e9quilibre professionnel\/personnel, balan\u00e7ant entre sant\u00e9 mentale et contrat social, n\u2019avait plus autant de sens.<\/span><span data-ccp-props=\"{&quot;201341983&quot;:0,&quot;335551550&quot;:6,&quot;335551620&quot;:6,&quot;335559739&quot;:0,&quot;335559740&quot;:240}\">\u00a0<\/span><\/p><p>\u00a0<\/p>\t\t\t\t\t\t\t\t<\/div>\n\t\t\t\t<\/div>\n\t\t\t\t<div class=\"elementor-element elementor-element-0501afa elementor-widget elementor-widget-heading\" data-id=\"0501afa\" data-element_type=\"widget\" data-e-type=\"widget\" data-widget_type=\"heading.default\">\n\t\t\t\t<div class=\"elementor-widget-container\">\n\t\t\t\t\t<h2 class=\"elementor-heading-title elementor-size-default\">La vraie question\u202f: \u00ab\u202fPourquoi?\u202f\u00bb\u00a0<\/h2>\t\t\t\t<\/div>\n\t\t\t\t<\/div>\n\t\t\t\t<div class=\"elementor-element elementor-element-7583bf6 elementor-widget elementor-widget-text-editor\" data-id=\"7583bf6\" data-element_type=\"widget\" data-e-type=\"widget\" data-widget_type=\"text-editor.default\">\n\t\t\t\t<div class=\"elementor-widget-container\">\n\t\t\t\t\t\t\t\t\t<p><span data-contrast=\"auto\">M\u00e9dias sociaux, presse \u00e9crite et journaux t\u00e9l\u00e9vis\u00e9s posent tous des questions relatives au \u00ab\u202f<\/span><b><span data-contrast=\"auto\">comment<\/span><\/b><i><span data-contrast=\"auto\">\u202f<\/span><\/i><span data-contrast=\"auto\">\u00bb. Doit-on imposer le retour au bureau aux travailleuses et aux travailleurs? Si oui, \u00e0 raison de combien de jours par semaine ou par mois? Les jours-pr\u00e9sences doivent-ils \u00eatre les m\u00eames pour tout le monde? Qu\u2019en sera-t-il des horaires de travail\u00a0<\/span><\/p><p><span data-contrast=\"auto\">Notre coll\u00e8gue <\/span><a href=\"https:\/\/www.linkedin.com\/in\/thomas-o-neill-53bbb321\/\" target=\"_blank\" rel=\"noopener\"><span data-contrast=\"none\">Thomas O\u2019Neill<\/span><\/a><span data-contrast=\"auto\">,<\/span> <span data-contrast=\"auto\">\u00e9galement <\/span><span data-contrast=\"auto\">professeur en psychologie industrielle \u00e0 l\u2019Universit\u00e9 de Calgary, nous ram\u00e8ne \u00e0 la question fondamentale\u202f: \u00ab\u202f<\/span><b><span data-contrast=\"auto\">pourquoi?<\/span><\/b><span data-contrast=\"auto\">\u202f\u00bb.<\/span><span data-ccp-props=\"{&quot;201341983&quot;:0,&quot;335551550&quot;:6,&quot;335551620&quot;:6,&quot;335559739&quot;:0,&quot;335559740&quot;:240}\">\u00a0<\/span><\/p>\t\t\t\t\t\t\t\t<\/div>\n\t\t\t\t<\/div>\n\t\t\t\t<div class=\"elementor-element elementor-element-53d6125 elementor-widget elementor-widget-text-editor\" data-id=\"53d6125\" data-element_type=\"widget\" data-e-type=\"widget\" data-widget_type=\"text-editor.default\">\n\t\t\t\t<div class=\"elementor-widget-container\">\n\t\t\t\t\t\t\t\t\t<p><span class=\"TextRun SCXW184524033 BCX0\" lang=\"FR-CA\" xml:lang=\"FR-CA\" data-contrast=\"auto\"><span class=\"NormalTextRun SCXW184524033 BCX0\">\u00ab <\/span><\/span><span class=\"TextRun SCXW152639311 BCX0\" lang=\"FR-CA\" xml:lang=\"FR-CA\" data-contrast=\"auto\"><span class=\"NormalTextRun SCXW152639311 BCX0\">Il y a deux <\/span><span class=\"NormalTextRun SCXW152639311 BCX0\">questions \u00e0 poser<\/span> <span class=\"NormalTextRun SCXW152639311 BCX0\">quant au<\/span><span class=\"NormalTextRun SCXW152639311 BCX0\"> lieu de travail\u202f: 1<\/span><span class=\"NormalTextRun SCXW152639311 BCX0\">)<\/span><span class=\"NormalTextRun SCXW152639311 BCX0\"> Pourquoi le<\/span><span class=\"NormalTextRun SCXW152639311 BCX0\"> personnel<\/span><span class=\"NormalTextRun SCXW152639311 BCX0\"> pr\u00e9f\u00e8r<\/span><span class=\"NormalTextRun SCXW152639311 BCX0\">e<\/span><span class=\"NormalTextRun SCXW152639311 BCX0\">-t<\/span><span class=\"NormalTextRun SCXW152639311 BCX0\">-il travailler au bureau ou <\/span><\/span><span class=\"TextRun SCXW152639311 BCX0\" lang=\"FR-CA\" xml:lang=\"FR-CA\" data-contrast=\"auto\"><span class=\"NormalTextRun SCXW152639311 BCX0\">\u00e0<\/span><\/span><span class=\"TextRun SCXW152639311 BCX0\" lang=\"FR-CA\" xml:lang=\"FR-CA\" data-contrast=\"auto\"><span class=\"NormalTextRun SCXW152639311 BCX0\"> la maison? 2<\/span><span class=\"NormalTextRun SCXW152639311 BCX0\">)<\/span><span class=\"NormalTextRun SCXW152639311 BCX0\"> Pourquoi <\/span><span class=\"NormalTextRun SCXW152639311 BCX0\">une organisation <\/span><span class=\"NormalTextRun SCXW152639311 BCX0\">exige<\/span><span class=\"NormalTextRun SCXW152639311 BCX0\">&#8211;<\/span><span class=\"NormalTextRun SCXW152639311 BCX0\">t-elle<\/span><span class=\"NormalTextRun SCXW152639311 BCX0\"> que <\/span><span class=\"NormalTextRun SCXW152639311 BCX0\">son<\/span> <span class=\"NormalTextRun SCXW152639311 BCX0\">personnel<\/span><\/span><span class=\"TextRun SCXW152639311 BCX0\" lang=\"FR-CA\" xml:lang=\"FR-CA\" data-contrast=\"auto\"><span class=\"NormalTextRun SCXW152639311 BCX0\"> \u0153uvre en pr\u00e9sentiel plut\u00f4t qu\u2019en virtuel<\/span><\/span><span class=\"TextRun SCXW152639311 BCX0\" lang=\"FR-CA\" xml:lang=\"FR-CA\" data-contrast=\"auto\"><span class=\"NormalTextRun SCXW152639311 BCX0\">,<\/span><span class=\"NormalTextRun SCXW152639311 BCX0\"> s<\/span><span class=\"NormalTextRun SCXW152639311 BCX0\">\u2019<\/span><span class=\"NormalTextRun SCXW152639311 BCX0\">i<\/span><span class=\"NormalTextRun SCXW152639311 BCX0\">l le<\/span><span class=\"NormalTextRun SCXW152639311 BCX0\"> peut?<\/span><span class=\"NormalTextRun SCXW152639311 BCX0\"> Ce sont deux questions simples<\/span><span class=\"NormalTextRun SCXW152639311 BCX0\"> mais<\/span><span class=\"NormalTextRun SCXW152639311 BCX0\"> qui engendrent des r\u00e9ponses complexes.<\/span><span class=\"NormalTextRun SCXW152639311 BCX0\">\u202f <\/span><\/span><span class=\"TextRun SCXW184524033 BCX0\" lang=\"FR-CA\" xml:lang=\"FR-CA\" data-contrast=\"auto\"><span class=\"NormalTextRun SCXW184524033 BCX0\">\u00bb<\/span><\/span><span class=\"EOP SCXW184524033 BCX0\" data-ccp-props=\"{&quot;201341983&quot;:0,&quot;335551550&quot;:6,&quot;335551620&quot;:6,&quot;335559685&quot;:567,&quot;335559737&quot;:702,&quot;335559739&quot;:0,&quot;335559740&quot;:240}\">\u00a0<\/span><\/p>\t\t\t\t\t\t\t\t<\/div>\n\t\t\t\t<\/div>\n\t\t\t\t<div class=\"elementor-element elementor-element-7e1ba5f elementor-widget elementor-widget-heading\" data-id=\"7e1ba5f\" data-element_type=\"widget\" data-e-type=\"widget\" data-widget_type=\"heading.default\">\n\t\t\t\t<div class=\"elementor-widget-container\">\n\t\t\t\t\t<h2 class=\"elementor-heading-title elementor-size-default\">\u00ab\u202fPourquoi le personnel pr\u00e9f\u00e8re-t-il travailler au bureau ou \u00e0 la maison?\u202f\u00bb\u00a0<\/h2>\t\t\t\t<\/div>\n\t\t\t\t<\/div>\n\t\t\t\t<div class=\"elementor-element elementor-element-daed93a elementor-widget elementor-widget-text-editor\" data-id=\"daed93a\" data-element_type=\"widget\" data-e-type=\"widget\" data-widget_type=\"text-editor.default\">\n\t\t\t\t<div class=\"elementor-widget-container\">\n\t\t\t\t\t\t\t\t\t<p><span data-contrast=\"auto\">Sondages, \u00e9tudes de cas, vox pop et t\u00e9moignages rapport\u00e9s dans les grands quotidiens et les m\u00e9dias sociaux nous permettent d\u2019affirmer que la motivation premi\u00e8re pour aller au bureau n\u2019est pas pour collaborer ou r\u00e9gler spontan\u00e9ment des d\u00e9tails de dossiers autour de la machine \u00e0 caf\u00e9. Ce n\u2019est pas non plus pour avoir acc\u00e8s \u00e0 des outils informatiques. C\u2019est pour <\/span><b><span data-contrast=\"auto\">socialiser<\/span><\/b><span data-contrast=\"auto\">. A contrario, les travailleuses et les travailleurs pr\u00e9f\u00e8rent \u0153uvrer de la maison pour la flexibilit\u00e9 que cela offre\u202f: prendre les enfants \u00e0 la garderie, d\u00e9marrer une lessive entre deux rencontres, pr\u00e9parer le petit d\u00e9jeuner sans courir, \u00e9viter les bouchons de circulation et les conditions routi\u00e8res difficiles, etc. <\/span><span data-contrast=\"auto\">\u00c0 la maison, l<\/span><span data-contrast=\"auto\">a pression est moins grande et il n\u2019est pas rare qu\u2019on y soit bien <\/span><span data-contrast=\"auto\">\u00e9quip\u00e9<\/span><span data-contrast=\"auto\"> du point de vue informatique.\u00a0<\/span><\/p>\t\t\t\t\t\t\t\t<\/div>\n\t\t\t\t<\/div>\n\t\t\t\t<div class=\"elementor-element elementor-element-09d5c61 elementor-widget elementor-widget-heading\" data-id=\"09d5c61\" data-element_type=\"widget\" data-e-type=\"widget\" data-widget_type=\"heading.default\">\n\t\t\t\t<div class=\"elementor-widget-container\">\n\t\t\t\t\t<h2 class=\"elementor-heading-title elementor-size-default\">\u00ab\u202fPourquoi une organisation exige-t-elle que son personnel \u0153uvre en pr\u00e9sentiel plut\u00f4t qu'en virtuel, s'il le peut?\u202f\u00bb\u00a0<\/h2>\t\t\t\t<\/div>\n\t\t\t\t<\/div>\n\t\t\t\t<div class=\"elementor-element elementor-element-42e93c2 elementor-widget elementor-widget-text-editor\" data-id=\"42e93c2\" data-element_type=\"widget\" data-e-type=\"widget\" data-widget_type=\"text-editor.default\">\n\t\t\t\t<div class=\"elementor-widget-container\">\n\t\t\t\t\t\t\t\t\t<p><span data-contrast=\"auto\">Pour la performance? Pour la transmission de la culture organisationnelle? Aucune <\/span><span data-contrast=\"auto\">\u00e9tude <\/span><span data-contrast=\"auto\">ne le d\u00e9montre clairement. Dans ce cas, pourquoi certaines organisations obligent-elles un retour au bureau<\/span><span data-contrast=\"auto\"> \u00e0 temps plein ou selon une fr\u00e9quence pr\u00e9d\u00e9termin\u00e9e? <\/span><span data-contrast=\"auto\">Thomas O\u2019Neill\u202fexplique\u202f:\u00a0<\/span><span data-ccp-props=\"{&quot;201341983&quot;:0,&quot;335551550&quot;:6,&quot;335551620&quot;:6,&quot;335559739&quot;:0,&quot;335559740&quot;:240}\">\u00a0<\/span><\/p>\t\t\t\t\t\t\t\t<\/div>\n\t\t\t\t<\/div>\n\t\t\t\t<div class=\"elementor-element elementor-element-11c0f7e elementor-widget elementor-widget-text-editor\" data-id=\"11c0f7e\" data-element_type=\"widget\" data-e-type=\"widget\" data-widget_type=\"text-editor.default\">\n\t\t\t\t<div class=\"elementor-widget-container\">\n\t\t\t\t\t\t\t\t\t<p><span class=\"TextRun SCXW184524033 BCX0\" lang=\"FR-CA\" xml:lang=\"FR-CA\" data-contrast=\"auto\"><span class=\"NormalTextRun SCXW184524033 BCX0\">\u00ab\u202fDans la mesure o\u00f9 le personnel peut s\u2019acquitter de ses t\u00e2ches <\/span><span class=\"NormalTextRun SCXW184524033 BCX0\">en t\u00e9l\u00e9travail,<\/span><span class=\"NormalTextRun SCXW184524033 BCX0\"> exiger la pr\u00e9sence au bureau peut <\/span><\/span><span class=\"TextRun SCXW184524033 BCX0\" lang=\"FR-CA\" xml:lang=\"FR-CA\" data-contrast=\"auto\"><span class=\"NormalTextRun SCXW184524033 BCX0\">\u00eatre <\/span><\/span><span class=\"TextRun SCXW184524033 BCX0\" lang=\"FR-CA\" xml:lang=\"FR-CA\" data-contrast=\"auto\"><span class=\"NormalTextRun SCXW184524033 BCX0\">une pratique de <\/span><span class=\"NormalTextRun SpellingErrorV2Themed SCXW184524033 BCX0\">micromanagement<\/span><span class=\"NormalTextRun SCXW184524033 BCX0\"> associ\u00e9e au taylorisme <\/span><span class=\"NormalTextRun SCXW184524033 BCX0\">ou<\/span><span class=\"NormalTextRun SCXW184524033 BCX0\"> un d\u00e9sir de contr\u00f4le qui annihile le droit \u00e0 l\u2019autonomie <\/span><span class=\"NormalTextRun SCXW184524033 BCX0\">de l\u2019<\/span><span class=\"NormalTextRun SCXW184524033 BCX0\">individu.\u202f<\/span><span class=\"NormalTextRun SCXW184524033 BCX0\">Mais les gestionnaires peuvent aussi avoir de bonnes <\/span><span class=\"NormalTextRun SCXW184524033 BCX0\">intentions<\/span> <\/span><span class=\"TextRun SCXW184524033 BCX0\" lang=\"FR-CA\" xml:lang=\"FR-CA\" data-contrast=\"auto\"><span class=\"NormalTextRun SCXW184524033 BCX0\">\u00e0 vouloir<\/span><\/span><span class=\"TextRun SCXW184524033 BCX0\" lang=\"FR-CA\" xml:lang=\"FR-CA\" data-contrast=\"auto\"> <span class=\"NormalTextRun SCXW184524033 BCX0\">reconstituer une pr\u00e9sence au bureau<\/span><span class=\"NormalTextRun SCXW184524033 BCX0\">\u202f:<\/span><span class=\"NormalTextRun SCXW184524033 BCX0\"> coh\u00e9sion de <\/span><span class=\"NormalTextRun SCXW184524033 BCX0\">l\u2019\u00e9quipe, moral<\/span><span class=\"NormalTextRun SCXW184524033 BCX0\"> des troupes<\/span><\/span><span class=\"TextRun SCXW184524033 BCX0\" lang=\"FR-CA\" xml:lang=\"FR-CA\" data-contrast=\"auto\"><span class=\"NormalTextRun SCXW184524033 BCX0\">, \u00e9v\u00e9nements<\/span><\/span><span class=\"TextRun SCXW184524033 BCX0\" lang=\"FR-CA\" xml:lang=\"FR-CA\" data-contrast=\"auto\"><span class=\"NormalTextRun SCXW184524033 BCX0\">, <\/span><span class=\"NormalTextRun SCXW184524033 BCX0\">r\u00e9unions <\/span><span class=\"NormalTextRun SCXW184524033 BCX0\">pour fins <\/span><span class=\"NormalTextRun SCXW184524033 BCX0\">de collaboration<\/span><span class=\"NormalTextRun SCXW184524033 BCX0\">, etc<\/span><span class=\"NormalTextRun SCXW184524033 BCX0\">.<\/span><span class=\"NormalTextRun SCXW184524033 BCX0\">\u202f<\/span><span class=\"NormalTextRun SCXW184524033 BCX0\">\u00bb<\/span><\/span><span class=\"EOP SCXW184524033 BCX0\" data-ccp-props=\"{&quot;201341983&quot;:0,&quot;335551550&quot;:6,&quot;335551620&quot;:6,&quot;335559685&quot;:567,&quot;335559737&quot;:702,&quot;335559739&quot;:0,&quot;335559740&quot;:240}\">\u00a0<\/span><\/p>\t\t\t\t\t\t\t\t<\/div>\n\t\t\t\t<\/div>\n\t\t\t\t<div class=\"elementor-element elementor-element-4e740c0 elementor-widget elementor-widget-text-editor\" data-id=\"4e740c0\" data-element_type=\"widget\" data-e-type=\"widget\" data-widget_type=\"text-editor.default\">\n\t\t\t\t<div class=\"elementor-widget-container\">\n\t\t\t\t\t\t\t\t\t<p><span class=\"TextRun SCXW74010124 BCX0\" lang=\"FR-CA\" xml:lang=\"FR-CA\" data-contrast=\"auto\"><span class=\"NormalTextRun SCXW74010124 BCX0\">D<\/span><\/span><span class=\"TextRun SCXW74010124 BCX0\" lang=\"FR-CA\" xml:lang=\"FR-CA\" data-contrast=\"auto\"><span class=\"NormalTextRun SCXW74010124 BCX0\">\u00e8s lors <\/span><\/span><span class=\"TextRun SCXW74010124 BCX0\" lang=\"FR-CA\" xml:lang=\"FR-CA\" data-contrast=\"auto\"><span class=\"NormalTextRun SCXW74010124 BCX0\">que l\u2019<\/span><span class=\"NormalTextRun SCXW74010124 BCX0\">exp\u00e9rience<\/span><span class=\"NormalTextRun SCXW74010124 BCX0\"> des travailleuses et des travailleurs n\u2019est plus<\/span><span class=\"NormalTextRun SCXW74010124 BCX0\"> positive, <\/span><span class=\"NormalTextRun SCXW74010124 BCX0\">la<\/span><span class=\"NormalTextRun SCXW74010124 BCX0\"> volatilit\u00e9 <\/span><span class=\"NormalTextRun SCXW74010124 BCX0\">actuelle <\/span><span class=\"NormalTextRun SCXW74010124 BCX0\">de la main-d\u2019\u0153uvre parle d\u2019e<\/span><span class=\"NormalTextRun SCXW74010124 BCX0\">lle<\/span><span class=\"NormalTextRun SCXW74010124 BCX0\">-m\u00eame<\/span><span class=\"NormalTextRun SCXW74010124 BCX0\">\u202f: a<\/span><span class=\"NormalTextRun SCXW74010124 BCX0\">ccul<\/span><\/span><span class=\"TextRun SCXW74010124 BCX0\" lang=\"FR-CA\" xml:lang=\"FR-CA\" data-contrast=\"auto\"><span class=\"NormalTextRun SCXW74010124 BCX0\">\u00e9s<\/span><\/span><span class=\"TextRun SCXW74010124 BCX0\" lang=\"FR-CA\" xml:lang=\"FR-CA\" data-contrast=\"auto\"><span class=\"NormalTextRun SCXW74010124 BCX0\"> au pied du mur, <\/span><span class=\"NormalTextRun SCXW74010124 BCX0\">ils<\/span><span class=\"NormalTextRun SCXW74010124 BCX0\"> claqu<\/span><span class=\"NormalTextRun SCXW74010124 BCX0\">ent<\/span><span class=\"NormalTextRun SCXW74010124 BCX0\"> la porte\u202f:\u00a0<\/span><\/span><span class=\"EOP SCXW74010124 BCX0\" data-ccp-props=\"{&quot;201341983&quot;:0,&quot;335551550&quot;:6,&quot;335551620&quot;:6,&quot;335559739&quot;:0,&quot;335559740&quot;:240}\">\u00a0<\/span><\/p>\t\t\t\t\t\t\t\t<\/div>\n\t\t\t\t<\/div>\n\t\t\t\t<div class=\"elementor-element elementor-element-dd88f94 elementor-widget elementor-widget-text-editor\" data-id=\"dd88f94\" data-element_type=\"widget\" data-e-type=\"widget\" data-widget_type=\"text-editor.default\">\n\t\t\t\t<div class=\"elementor-widget-container\">\n\t\t\t\t\t\t\t\t\t<p><span class=\"TextRun SCXW43015179 BCX0\" lang=\"FR-CA\" xml:lang=\"FR-CA\" data-contrast=\"auto\"><span class=\"NormalTextRun SCXW43015179 BCX0\">Avant [\u2026], le travail au bureau faisait partie int\u00e9grante <\/span><span class=\"NormalTextRun SCXW43015179 BCX0\">de<\/span><span class=\"NormalTextRun SCXW43015179 BCX0\"> ce qui convenait d\u2019appeler la <\/span><\/span><span class=\"TextRun SCXW43015179 BCX0\" lang=\"FR-CA\" xml:lang=\"FR-CA\" data-contrast=\"auto\"><span class=\"NormalTextRun SCXW43015179 BCX0\">normalit\u00e9<\/span><\/span><span class=\"TextRun SCXW43015179 BCX0\" lang=\"FR-CA\" xml:lang=\"FR-CA\" data-contrast=\"auto\"><span class=\"NormalTextRun SCXW43015179 BCX0\">. Mais <\/span><span class=\"NormalTextRun SCXW43015179 BCX0\">apr\u00e8s<\/span><span class=\"NormalTextRun SCXW43015179 BCX0\"> ce que nous avons v\u00e9cu durant les deux derni\u00e8res ann\u00e9es, nous r\u00e9alisons <\/span><span class=\"NormalTextRun SCXW43015179 BCX0\">aujourd\u2019hui<\/span><span class=\"NormalTextRun SCXW43015179 BCX0\"> qu\u2019il existe d\u2019autres possibles.<\/span><\/span><\/p>\t\t\t\t\t\t\t\t<\/div>\n\t\t\t\t<\/div>\n\t\t\t\t<div class=\"elementor-element elementor-element-3a01433 elementor-widget elementor-widget-text-editor\" data-id=\"3a01433\" data-element_type=\"widget\" data-e-type=\"widget\" data-widget_type=\"text-editor.default\">\n\t\t\t\t<div class=\"elementor-widget-container\">\n\t\t\t\t\t\t\t\t\t<p><em>\u00a0\u2013\u00a0<a href=\"https:\/\/www.linkedin.com\/in\/mathieu-guilbert-ba27a040\/\" target=\"_blank\" rel=\"noopener\">Mathieu Gilbert<\/a>, consultant en strat\u00e9gie<br \/>et transformation organisationnelle, Humance\u00a0<\/em><\/p>\t\t\t\t\t\t\t\t<\/div>\n\t\t\t\t<\/div>\n\t\t\t\t<div class=\"elementor-element elementor-element-1dce3e8 elementor-widget elementor-widget-text-editor\" data-id=\"1dce3e8\" data-element_type=\"widget\" data-e-type=\"widget\" data-widget_type=\"text-editor.default\">\n\t\t\t\t<div class=\"elementor-widget-container\">\n\t\t\t\t\t\t\t\t\t<p><span data-contrast=\"auto\">Pour l\u2019heure, une certitude. La solution ne r\u00e9side pas dans le t\u00e9l\u00e9travail ou le pr\u00e9sentiel \u00e0 100\u202f%; elle est nuanc\u00e9e, hybride.<\/span><\/p><p><a href=\"https:\/\/www.linkedin.com\/in\/justinebenoitcrha\/\" target=\"_blank\" rel=\"noopener\"><span data-contrast=\"none\">Justine Benoit (CHRA, MBA)<\/span><\/a><span data-contrast=\"auto\">, consultante principale chez nous, maintient que le travail en mode hybride doit toujours \u00eatre contextualis\u00e9 et les strat\u00e9gies le concernant doivent prendre racine dans la culture d\u2019entreprise.\u00a0<\/span><span data-ccp-props=\"{&quot;201341983&quot;:0,&quot;335551550&quot;:6,&quot;335551620&quot;:6,&quot;335559739&quot;:0,&quot;335559740&quot;:240}\">\u00a0<\/span><\/p><ol><li><b><span data-contrast=\"auto\">Contexte op\u00e9rationnel<\/span><\/b><span data-contrast=\"auto\">\u202f: la t\u00e2che exige-t-elle une pr\u00e9sence physique (emplois \u00ab\u202fmanuels\u202f\u00bb, prestations de services de sant\u00e9, consultation sur place d\u2019informations sensibles, etc.)?\u00a0<\/span><span data-ccp-props=\"{&quot;201341983&quot;:0,&quot;335551550&quot;:6,&quot;335551620&quot;:6,&quot;335559739&quot;:0,&quot;335559740&quot;:240}\">\u00a0<\/span><\/li><li data-leveltext=\"%1.\" data-font=\"Calibri\" data-listid=\"2\" data-list-defn-props=\"{&quot;335552541&quot;:0,&quot;335559684&quot;:-1,&quot;335559685&quot;:720,&quot;335559991&quot;:360,&quot;469769242&quot;:[65533,0],&quot;469777803&quot;:&quot;left&quot;,&quot;469777804&quot;:&quot;%1.&quot;,&quot;469777815&quot;:&quot;hybridMultilevel&quot;}\" aria-setsize=\"-1\" data-aria-posinset=\"2\" data-aria-level=\"1\"><b><span data-contrast=\"auto\">Sp\u00e9cificit\u00e9s culturelles<\/span><\/b><span data-contrast=\"auto\">\u202f: l\u2019entreprise dispose-t-elle d\u2019une forte culture de travail en pr\u00e9sentiel (secteur des banques et de l\u2019assurance) ou en virtuel (entreprises g\u00e9ographiquement distribu\u00e9es, firmes de consultations et de services professionnels)?\u00a0<\/span><span data-ccp-props=\"{&quot;201341983&quot;:0,&quot;335551550&quot;:6,&quot;335551620&quot;:6,&quot;335559739&quot;:0,&quot;335559740&quot;:240}\">\u00a0<\/span><\/li><\/ol><p><span data-contrast=\"auto\">Ainsi, le travail hybride sera possible, souhaitable, facilit\u00e9 (ou non) selon la cat\u00e9gorie d\u2019emploi ou la culture de l\u2019entreprise. Par ailleurs, l\u2019obligation non justifi\u00e9e d\u2019un travail en pr\u00e9sentiel peut \u00eatre inacceptable du point de vue de l\u2019individu. Le libre choix para<\/span><span data-contrast=\"auto\">\u00ee<\/span><span data-contrast=\"auto\">t dor\u00e9navant l\u2019avenue \u00e0 privil\u00e9gier.\u00a0<\/span><span data-ccp-props=\"{&quot;201341983&quot;:0,&quot;335551550&quot;:6,&quot;335551620&quot;:6,&quot;335559739&quot;:0,&quot;335559740&quot;:240}\">\u00a0<\/span><\/p><p><span data-contrast=\"auto\">Bien s\u00fbr, certains facteurs jouent en faveur d\u2019une pr\u00e9sence physique\u202fsporadique\u202f: accueil d\u2019une nouvelle ressource, entrevue de d\u00e9part, atelier de planification strat\u00e9gique, etc. Des \u00e9v\u00e9nements peuvent <\/span><span data-contrast=\"auto\">\u00e9galement \u00eatre mis en place afin de favoriser les \u00e9changes<\/span><span data-contrast=\"auto\"> et la socialisation du personnel, sur base volontaire. De fait, certaines entreprises proposent des s\u00e9ances de yoga, des 5 \u00e0 7, des soir\u00e9es de <\/span><i><span data-contrast=\"auto\">babyfoot<\/span><\/i><span data-contrast=\"auto\"> ou de billard, etc. Avant ou apr\u00e8s de tels \u00e9v\u00e9nements, les bureaux se remplissent.<\/span><span data-ccp-props=\"{&quot;201341983&quot;:0,&quot;335551550&quot;:6,&quot;335551620&quot;:6,&quot;335559739&quot;:0,&quot;335559740&quot;:240}\">\u00a0<\/span><\/p>\t\t\t\t\t\t\t\t<\/div>\n\t\t\t\t<\/div>\n\t\t\t\t<div class=\"elementor-element elementor-element-f020b82 elementor-widget elementor-widget-heading\" data-id=\"f020b82\" data-element_type=\"widget\" data-e-type=\"widget\" data-widget_type=\"heading.default\">\n\t\t\t\t<div class=\"elementor-widget-container\">\n\t\t\t\t\t<h2 class=\"elementor-heading-title elementor-size-default\">Avantages et b\u00e9n\u00e9fices <\/h2>\t\t\t\t<\/div>\n\t\t\t\t<\/div>\n\t\t\t\t<div class=\"elementor-element elementor-element-1bb879a elementor-widget elementor-widget-text-editor\" data-id=\"1bb879a\" data-element_type=\"widget\" data-e-type=\"widget\" data-widget_type=\"text-editor.default\">\n\t\t\t\t<div class=\"elementor-widget-container\">\n\t\t\t\t\t\t\t\t\t<p><span data-contrast=\"auto\">Dans les limites de la capacit\u00e9 organisationnelle \u00e0 d\u00e9ployer ses op\u00e9rations, \u00e0 remplir sa mission, \u00e0 atteindre ses objectifs et \u00e0 s\u2019acquitter de ses obligations, il y a peu d\u2019avantages \u00e0 <\/span><b><span data-contrast=\"auto\">contraindre<\/span><\/b><span data-contrast=\"auto\"> le personnel<\/span><span data-contrast=\"auto\"> \u00e0 \u0153uvrer en pr\u00e9sentiel, tant pour les entreprises que pour le<\/span><span data-contrast=\"auto\">s ressources. L\u2019inverse est tout aussi vrai.<\/span><\/p><p><span data-contrast=\"auto\">Offrir \u00e0 une ressource de choisir son lieu de travail en fonction de ses besoins et d\u2019imp\u00e9ratifs qui varient d\u2019un jour \u00e0 l\u2019autre est une d\u00e9monstration de respect envers la personne dans son autonomie et son individualit\u00e9, dans sa qu\u00eate d\u2019\u00e9quilibre entre sa vie personnelle et sa vie professionnelle. L\u2019organisation fait alors preuve de maturit\u00e9 en adoptant une gestion centr\u00e9e sur le personnel (<\/span><i><span data-contrast=\"auto\">Employee Centrix<\/span><\/i><span data-contrast=\"auto\">) dont la cons\u00e9quence directe sera une exp\u00e9rience positive et enrichissante pour les employ\u00e9s et les employ\u00e9es. Dans un contexte de raret\u00e9 de main-d\u2019\u0153uvre et de p\u00e9nurie de qualit\u00e9, quelle entreprise peut se passer d\u2019un tel avantage strat\u00e9gique?<\/span><span data-ccp-props=\"{&quot;201341983&quot;:0,&quot;335551550&quot;:6,&quot;335551620&quot;:6,&quot;335559739&quot;:0,&quot;335559740&quot;:240}\">\u00a0<\/span><\/p><p><span data-contrast=\"auto\">Lors du confinement, nous avons d\u00fb nous adapter \u00e0 une vie en t\u00e9l\u00e9travail\u202f: pouvons-nous aujourd\u2019hui nous adapter au fait d\u2019avoir le choix?<\/span><span data-ccp-props=\"{&quot;201341983&quot;:0,&quot;335551550&quot;:6,&quot;335551620&quot;:6,&quot;335559739&quot;:0,&quot;335559740&quot;:240}\">\u00a0<\/span><\/p>\t\t\t\t\t\t\t\t<\/div>\n\t\t\t\t<\/div>\n\t\t\t\t<div class=\"elementor-element elementor-element-818c1d7 elementor-widget elementor-widget-heading\" data-id=\"818c1d7\" data-element_type=\"widget\" data-e-type=\"widget\" data-widget_type=\"heading.default\">\n\t\t\t\t<div class=\"elementor-widget-container\">\n\t\t\t\t\t<h2 class=\"elementor-heading-title elementor-size-default\">La nouvelle question\u202f: \u00ab\u202fPourquoi pas?\u202f\u00bb <\/h2>\t\t\t\t<\/div>\n\t\t\t\t<\/div>\n\t\t\t\t<div class=\"elementor-element elementor-element-a8e5db2 elementor-widget elementor-widget-text-editor\" data-id=\"a8e5db2\" data-element_type=\"widget\" data-e-type=\"widget\" data-widget_type=\"text-editor.default\">\n\t\t\t\t<div class=\"elementor-widget-container\">\n\t\t\t\t\t\t\t\t\t<p><span data-contrast=\"auto\">Nos nouvelles r\u00e9alit\u00e9s marquent l\u2019<\/span><span data-contrast=\"auto\">\u00e9volution de notre conception du travail, de notre relation avec ce dernier et de l\u2019univers du bureau. Soyons darwiniens et consid\u00e9rons cette \u00e9volution <\/span><span data-contrast=\"auto\">comme une condition<\/span> <span data-contrast=\"auto\">de survie pour plusieurs milieux d\u2019affaires.\u00a0<\/span><\/p><p><span data-contrast=\"auto\">Une pr\u00e9occupation demeure n\u00e9anmoins au sujet du mode de travail hybride\u202f: son caract\u00e8re de non-pr\u00e9visibilit\u00e9. Dans l\u2019espace professionnel, la non-pr\u00e9visibilit\u00e9 est synonyme de chaos (exemple\u202f: un employ\u00e9 se rend au bureau pour retrouver ses coll\u00e8gues et collaborer avec eux, mais il s\u2019y retrouve seul). D\u00e8s lors, signifier \u00e0 l\u2019avance son lieu de travail en ayant la possibilit\u00e9 de modifier ses pr\u00e9f\u00e9rences en tout temps serait une avenue int\u00e9ressante.\u00a0<\/span><\/p><p><span data-contrast=\"auto\">Cr\u00e9er une synergie, un engouement, multiplier les occasions de rencontres\u202f: comment entrevoyez-vous la nouvelle r\u00e9alit\u00e9 de demain?\u00a0<\/span><span data-ccp-props=\"{&quot;201341983&quot;:0,&quot;335551550&quot;:6,&quot;335551620&quot;:6,&quot;335559739&quot;:0,&quot;335559740&quot;:240}\">\u00a0<\/span><\/p>\t\t\t\t\t\t\t\t<\/div>\n\t\t\t\t<\/div>\n\t\t\t\t\t<\/div>\n\t\t<\/div>\n\t\t\t\t\t<\/div>\n\t\t<\/section>\n\t\t\t\t<\/div>\n\t\t","protected":false},"excerpt":{"rendered":"<p>Nous ne traiterons pas ici de la nouvelle normalit\u00e9, mais bien de la nouvelle r\u00e9alit\u00e9 du monde du travail. Mars 2020 fut un moment de grand bouleversement soci\u00e9tal\u202f: une large&#8230; <br \/><a class=\"read-more\" href=\"https:\/\/humance.ca\/fr\/blog\/la-grande-resilience-ou-laccueil-de-la-nouvelle-realite\/\">Continuer la lecture<\/a><\/p>\n","protected":false},"author":25,"featured_media":29032,"comment_status":"closed","ping_status":"closed","sticky":false,"template":"","format":"standard","meta":{"_acf_changed":false,"inline_featured_image":false,"footnotes":""},"categories":[48,3],"tags":[],"class_list":["post-27716","post","type-post","status-publish","format-standard","has-post-thumbnail","hentry","category-articles-fr","category-general"],"acf":[],"yoast_head":"<!-- This site is optimized with the Yoast SEO plugin v27.5 - https:\/\/yoast.com\/product\/yoast-seo-wordpress\/ -->\n<title>La grande r\u00e9silience ou l&#039;accueil de la nouvelle r\u00e9alit\u00e9 | Humance | Culture &amp; Performance<\/title>\n<meta name=\"description\" content=\"Nous ne traiterons pas ici de la nouvelle normalit\u00e9, mais bien de la nouvelle r\u00e9alit\u00e9 du monde du travail. Mars 2020 fut un moment de grand bouleversement\" \/>\n<meta name=\"robots\" content=\"index, follow, max-snippet:-1, max-image-preview:large, max-video-preview:-1\" \/>\n<link rel=\"canonical\" href=\"https:\/\/humance.ca\/fr\/blog\/la-grande-resilience-ou-laccueil-de-la-nouvelle-realite\/\" \/>\n<meta property=\"og:locale\" content=\"fr_CA\" \/>\n<meta property=\"og:type\" content=\"article\" \/>\n<meta property=\"og:title\" content=\"La grande r\u00e9silience ou l&#039;accueil de la nouvelle r\u00e9alit\u00e9 | Humance | Culture &amp; Performance\" \/>\n<meta property=\"og:description\" content=\"Nous ne traiterons pas ici de la nouvelle normalit\u00e9, mais bien de la nouvelle r\u00e9alit\u00e9 du monde du travail. Mars 2020 fut un moment de grand bouleversement\" \/>\n<meta property=\"og:url\" content=\"https:\/\/humance.ca\/fr\/blog\/la-grande-resilience-ou-laccueil-de-la-nouvelle-realite\/\" \/>\n<meta property=\"og:site_name\" content=\"Humance\" \/>\n<meta property=\"article:published_time\" content=\"2022-10-13T15:01:07+00:00\" \/>\n<meta property=\"article:modified_time\" content=\"2022-11-10T19:18:52+00:00\" \/>\n<meta property=\"og:image\" content=\"https:\/\/humance.ca\/wp-content\/uploads\/2021\/12\/Blogue-Visuel-sizes-13.png\" \/>\n\t<meta property=\"og:image:width\" content=\"1920\" \/>\n\t<meta property=\"og:image:height\" content=\"1130\" \/>\n\t<meta property=\"og:image:type\" content=\"image\/png\" \/>\n<meta name=\"author\" content=\"Jade Mosry\" \/>\n<meta name=\"twitter:card\" content=\"summary_large_image\" \/>\n<script type=\"application\/ld+json\" class=\"yoast-schema-graph\">{\"@context\":\"https:\\\/\\\/schema.org\",\"@graph\":[{\"@type\":\"Article\",\"@id\":\"https:\\\/\\\/humance.ca\\\/fr\\\/blog\\\/la-grande-resilience-ou-laccueil-de-la-nouvelle-realite\\\/#article\",\"isPartOf\":{\"@id\":\"https:\\\/\\\/humance.ca\\\/fr\\\/blog\\\/la-grande-resilience-ou-laccueil-de-la-nouvelle-realite\\\/\"},\"author\":{\"name\":\"Jade Mosry\",\"@id\":\"https:\\\/\\\/humance.ca\\\/fr\\\/#\\\/schema\\\/person\\\/06dd5ba732ad83b5efbf8524195de214\"},\"headline\":\"La grande r\u00e9silience ou l&#8217;accueil de la nouvelle r\u00e9alit\u00e9\",\"datePublished\":\"2022-10-13T15:01:07+00:00\",\"dateModified\":\"2022-11-10T19:18:52+00:00\",\"mainEntityOfPage\":{\"@id\":\"https:\\\/\\\/humance.ca\\\/fr\\\/blog\\\/la-grande-resilience-ou-laccueil-de-la-nouvelle-realite\\\/\"},\"wordCount\":1315,\"publisher\":{\"@id\":\"https:\\\/\\\/humance.ca\\\/fr\\\/#organization\"},\"image\":{\"@id\":\"https:\\\/\\\/humance.ca\\\/fr\\\/blog\\\/la-grande-resilience-ou-laccueil-de-la-nouvelle-realite\\\/#primaryimage\"},\"thumbnailUrl\":\"https:\\\/\\\/humance.ca\\\/wp-content\\\/uploads\\\/2021\\\/12\\\/Blogue-Visuel-sizes-13-png.webp\",\"articleSection\":[\"Articles\",\"G\u00e9n\u00e9ral\"],\"inLanguage\":\"fr-CA\"},{\"@type\":\"WebPage\",\"@id\":\"https:\\\/\\\/humance.ca\\\/fr\\\/blog\\\/la-grande-resilience-ou-laccueil-de-la-nouvelle-realite\\\/\",\"url\":\"https:\\\/\\\/humance.ca\\\/fr\\\/blog\\\/la-grande-resilience-ou-laccueil-de-la-nouvelle-realite\\\/\",\"name\":\"La grande r\u00e9silience ou l'accueil de la nouvelle r\u00e9alit\u00e9 | Humance | Culture &amp; Performance\",\"isPartOf\":{\"@id\":\"https:\\\/\\\/humance.ca\\\/fr\\\/#website\"},\"primaryImageOfPage\":{\"@id\":\"https:\\\/\\\/humance.ca\\\/fr\\\/blog\\\/la-grande-resilience-ou-laccueil-de-la-nouvelle-realite\\\/#primaryimage\"},\"image\":{\"@id\":\"https:\\\/\\\/humance.ca\\\/fr\\\/blog\\\/la-grande-resilience-ou-laccueil-de-la-nouvelle-realite\\\/#primaryimage\"},\"thumbnailUrl\":\"https:\\\/\\\/humance.ca\\\/wp-content\\\/uploads\\\/2021\\\/12\\\/Blogue-Visuel-sizes-13-png.webp\",\"datePublished\":\"2022-10-13T15:01:07+00:00\",\"dateModified\":\"2022-11-10T19:18:52+00:00\",\"description\":\"Nous ne traiterons pas ici de la nouvelle normalit\u00e9, mais bien de la nouvelle r\u00e9alit\u00e9 du monde du travail. Mars 2020 fut un moment de grand bouleversement\",\"breadcrumb\":{\"@id\":\"https:\\\/\\\/humance.ca\\\/fr\\\/blog\\\/la-grande-resilience-ou-laccueil-de-la-nouvelle-realite\\\/#breadcrumb\"},\"inLanguage\":\"fr-CA\",\"potentialAction\":[{\"@type\":\"ReadAction\",\"target\":[\"https:\\\/\\\/humance.ca\\\/fr\\\/blog\\\/la-grande-resilience-ou-laccueil-de-la-nouvelle-realite\\\/\"]}]},{\"@type\":\"ImageObject\",\"inLanguage\":\"fr-CA\",\"@id\":\"https:\\\/\\\/humance.ca\\\/fr\\\/blog\\\/la-grande-resilience-ou-laccueil-de-la-nouvelle-realite\\\/#primaryimage\",\"url\":\"https:\\\/\\\/humance.ca\\\/wp-content\\\/uploads\\\/2021\\\/12\\\/Blogue-Visuel-sizes-13-png.webp\",\"contentUrl\":\"https:\\\/\\\/humance.ca\\\/wp-content\\\/uploads\\\/2021\\\/12\\\/Blogue-Visuel-sizes-13-png.webp\",\"width\":1920,\"height\":1130},{\"@type\":\"BreadcrumbList\",\"@id\":\"https:\\\/\\\/humance.ca\\\/fr\\\/blog\\\/la-grande-resilience-ou-laccueil-de-la-nouvelle-realite\\\/#breadcrumb\",\"itemListElement\":[{\"@type\":\"ListItem\",\"position\":1,\"name\":\"Home\",\"item\":\"https:\\\/\\\/humance.ca\\\/fr\\\/\"},{\"@type\":\"ListItem\",\"position\":2,\"name\":\"La grande r\u00e9silience ou l&#8217;accueil de la nouvelle r\u00e9alit\u00e9\"}]},{\"@type\":\"WebSite\",\"@id\":\"https:\\\/\\\/humance.ca\\\/fr\\\/#website\",\"url\":\"https:\\\/\\\/humance.ca\\\/fr\\\/\",\"name\":\"Humance\",\"description\":\"Culture &amp; Performance\",\"publisher\":{\"@id\":\"https:\\\/\\\/humance.ca\\\/fr\\\/#organization\"},\"potentialAction\":[{\"@type\":\"SearchAction\",\"target\":{\"@type\":\"EntryPoint\",\"urlTemplate\":\"https:\\\/\\\/humance.ca\\\/fr\\\/?s={search_term_string}\"},\"query-input\":{\"@type\":\"PropertyValueSpecification\",\"valueRequired\":true,\"valueName\":\"search_term_string\"}}],\"inLanguage\":\"fr-CA\"},{\"@type\":\"Organization\",\"@id\":\"https:\\\/\\\/humance.ca\\\/fr\\\/#organization\",\"name\":\"Humance\",\"url\":\"https:\\\/\\\/humance.ca\\\/fr\\\/\",\"logo\":{\"@type\":\"ImageObject\",\"inLanguage\":\"fr-CA\",\"@id\":\"https:\\\/\\\/humance.ca\\\/fr\\\/#\\\/schema\\\/logo\\\/image\\\/\",\"url\":\"https:\\\/\\\/humance.ca\\\/wp-content\\\/uploads\\\/2018\\\/08\\\/LOGO_Humance_Tagline.png\",\"contentUrl\":\"https:\\\/\\\/humance.ca\\\/wp-content\\\/uploads\\\/2018\\\/08\\\/LOGO_Humance_Tagline.png\",\"width\":604,\"height\":200,\"caption\":\"Humance\"},\"image\":{\"@id\":\"https:\\\/\\\/humance.ca\\\/fr\\\/#\\\/schema\\\/logo\\\/image\\\/\"}},{\"@type\":\"Person\",\"@id\":\"https:\\\/\\\/humance.ca\\\/fr\\\/#\\\/schema\\\/person\\\/06dd5ba732ad83b5efbf8524195de214\",\"name\":\"Jade Mosry\",\"image\":{\"@type\":\"ImageObject\",\"inLanguage\":\"fr-CA\",\"@id\":\"https:\\\/\\\/secure.gravatar.com\\\/avatar\\\/6e1d3b590ab659b5bafd904a387648e0173647293290caea4a9a468b74ce6477?s=96&d=mm&r=g\",\"url\":\"https:\\\/\\\/secure.gravatar.com\\\/avatar\\\/6e1d3b590ab659b5bafd904a387648e0173647293290caea4a9a468b74ce6477?s=96&d=mm&r=g\",\"contentUrl\":\"https:\\\/\\\/secure.gravatar.com\\\/avatar\\\/6e1d3b590ab659b5bafd904a387648e0173647293290caea4a9a468b74ce6477?s=96&d=mm&r=g\",\"caption\":\"Jade Mosry\"}}]}<\/script>\n<!-- \/ Yoast SEO plugin. -->","yoast_head_json":{"title":"La grande r\u00e9silience ou l'accueil de la nouvelle r\u00e9alit\u00e9 | Humance | Culture &amp; Performance","description":"Nous ne traiterons pas ici de la nouvelle normalit\u00e9, mais bien de la nouvelle r\u00e9alit\u00e9 du monde du travail. Mars 2020 fut un moment de grand bouleversement","robots":{"index":"index","follow":"follow","max-snippet":"max-snippet:-1","max-image-preview":"max-image-preview:large","max-video-preview":"max-video-preview:-1"},"canonical":"https:\/\/humance.ca\/fr\/blog\/la-grande-resilience-ou-laccueil-de-la-nouvelle-realite\/","og_locale":"fr_CA","og_type":"article","og_title":"La grande r\u00e9silience ou l'accueil de la nouvelle r\u00e9alit\u00e9 | Humance | Culture &amp; Performance","og_description":"Nous ne traiterons pas ici de la nouvelle normalit\u00e9, mais bien de la nouvelle r\u00e9alit\u00e9 du monde du travail. Mars 2020 fut un moment de grand bouleversement","og_url":"https:\/\/humance.ca\/fr\/blog\/la-grande-resilience-ou-laccueil-de-la-nouvelle-realite\/","og_site_name":"Humance","article_published_time":"2022-10-13T15:01:07+00:00","article_modified_time":"2022-11-10T19:18:52+00:00","og_image":[{"width":1920,"height":1130,"url":"https:\/\/humance.ca\/wp-content\/uploads\/2021\/12\/Blogue-Visuel-sizes-13.png","type":"image\/png"}],"author":"Jade Mosry","twitter_card":"summary_large_image","schema":{"@context":"https:\/\/schema.org","@graph":[{"@type":"Article","@id":"https:\/\/humance.ca\/fr\/blog\/la-grande-resilience-ou-laccueil-de-la-nouvelle-realite\/#article","isPartOf":{"@id":"https:\/\/humance.ca\/fr\/blog\/la-grande-resilience-ou-laccueil-de-la-nouvelle-realite\/"},"author":{"name":"Jade Mosry","@id":"https:\/\/humance.ca\/fr\/#\/schema\/person\/06dd5ba732ad83b5efbf8524195de214"},"headline":"La grande r\u00e9silience ou l&#8217;accueil de la nouvelle r\u00e9alit\u00e9","datePublished":"2022-10-13T15:01:07+00:00","dateModified":"2022-11-10T19:18:52+00:00","mainEntityOfPage":{"@id":"https:\/\/humance.ca\/fr\/blog\/la-grande-resilience-ou-laccueil-de-la-nouvelle-realite\/"},"wordCount":1315,"publisher":{"@id":"https:\/\/humance.ca\/fr\/#organization"},"image":{"@id":"https:\/\/humance.ca\/fr\/blog\/la-grande-resilience-ou-laccueil-de-la-nouvelle-realite\/#primaryimage"},"thumbnailUrl":"https:\/\/humance.ca\/wp-content\/uploads\/2021\/12\/Blogue-Visuel-sizes-13-png.webp","articleSection":["Articles","G\u00e9n\u00e9ral"],"inLanguage":"fr-CA"},{"@type":"WebPage","@id":"https:\/\/humance.ca\/fr\/blog\/la-grande-resilience-ou-laccueil-de-la-nouvelle-realite\/","url":"https:\/\/humance.ca\/fr\/blog\/la-grande-resilience-ou-laccueil-de-la-nouvelle-realite\/","name":"La grande r\u00e9silience ou l'accueil de la nouvelle r\u00e9alit\u00e9 | Humance | Culture &amp; Performance","isPartOf":{"@id":"https:\/\/humance.ca\/fr\/#website"},"primaryImageOfPage":{"@id":"https:\/\/humance.ca\/fr\/blog\/la-grande-resilience-ou-laccueil-de-la-nouvelle-realite\/#primaryimage"},"image":{"@id":"https:\/\/humance.ca\/fr\/blog\/la-grande-resilience-ou-laccueil-de-la-nouvelle-realite\/#primaryimage"},"thumbnailUrl":"https:\/\/humance.ca\/wp-content\/uploads\/2021\/12\/Blogue-Visuel-sizes-13-png.webp","datePublished":"2022-10-13T15:01:07+00:00","dateModified":"2022-11-10T19:18:52+00:00","description":"Nous ne traiterons pas ici de la nouvelle normalit\u00e9, mais bien de la nouvelle r\u00e9alit\u00e9 du monde du travail. Mars 2020 fut un moment de grand bouleversement","breadcrumb":{"@id":"https:\/\/humance.ca\/fr\/blog\/la-grande-resilience-ou-laccueil-de-la-nouvelle-realite\/#breadcrumb"},"inLanguage":"fr-CA","potentialAction":[{"@type":"ReadAction","target":["https:\/\/humance.ca\/fr\/blog\/la-grande-resilience-ou-laccueil-de-la-nouvelle-realite\/"]}]},{"@type":"ImageObject","inLanguage":"fr-CA","@id":"https:\/\/humance.ca\/fr\/blog\/la-grande-resilience-ou-laccueil-de-la-nouvelle-realite\/#primaryimage","url":"https:\/\/humance.ca\/wp-content\/uploads\/2021\/12\/Blogue-Visuel-sizes-13-png.webp","contentUrl":"https:\/\/humance.ca\/wp-content\/uploads\/2021\/12\/Blogue-Visuel-sizes-13-png.webp","width":1920,"height":1130},{"@type":"BreadcrumbList","@id":"https:\/\/humance.ca\/fr\/blog\/la-grande-resilience-ou-laccueil-de-la-nouvelle-realite\/#breadcrumb","itemListElement":[{"@type":"ListItem","position":1,"name":"Home","item":"https:\/\/humance.ca\/fr\/"},{"@type":"ListItem","position":2,"name":"La grande r\u00e9silience ou l&#8217;accueil de la nouvelle r\u00e9alit\u00e9"}]},{"@type":"WebSite","@id":"https:\/\/humance.ca\/fr\/#website","url":"https:\/\/humance.ca\/fr\/","name":"Humance","description":"Culture &amp; Performance","publisher":{"@id":"https:\/\/humance.ca\/fr\/#organization"},"potentialAction":[{"@type":"SearchAction","target":{"@type":"EntryPoint","urlTemplate":"https:\/\/humance.ca\/fr\/?s={search_term_string}"},"query-input":{"@type":"PropertyValueSpecification","valueRequired":true,"valueName":"search_term_string"}}],"inLanguage":"fr-CA"},{"@type":"Organization","@id":"https:\/\/humance.ca\/fr\/#organization","name":"Humance","url":"https:\/\/humance.ca\/fr\/","logo":{"@type":"ImageObject","inLanguage":"fr-CA","@id":"https:\/\/humance.ca\/fr\/#\/schema\/logo\/image\/","url":"https:\/\/humance.ca\/wp-content\/uploads\/2018\/08\/LOGO_Humance_Tagline.png","contentUrl":"https:\/\/humance.ca\/wp-content\/uploads\/2018\/08\/LOGO_Humance_Tagline.png","width":604,"height":200,"caption":"Humance"},"image":{"@id":"https:\/\/humance.ca\/fr\/#\/schema\/logo\/image\/"}},{"@type":"Person","@id":"https:\/\/humance.ca\/fr\/#\/schema\/person\/06dd5ba732ad83b5efbf8524195de214","name":"Jade Mosry","image":{"@type":"ImageObject","inLanguage":"fr-CA","@id":"https:\/\/secure.gravatar.com\/avatar\/6e1d3b590ab659b5bafd904a387648e0173647293290caea4a9a468b74ce6477?s=96&d=mm&r=g","url":"https:\/\/secure.gravatar.com\/avatar\/6e1d3b590ab659b5bafd904a387648e0173647293290caea4a9a468b74ce6477?s=96&d=mm&r=g","contentUrl":"https:\/\/secure.gravatar.com\/avatar\/6e1d3b590ab659b5bafd904a387648e0173647293290caea4a9a468b74ce6477?s=96&d=mm&r=g","caption":"Jade Mosry"}}]}},"_links":{"self":[{"href":"https:\/\/humance.ca\/fr\/wp-json\/wp\/v2\/posts\/27716","targetHints":{"allow":["GET"]}}],"collection":[{"href":"https:\/\/humance.ca\/fr\/wp-json\/wp\/v2\/posts"}],"about":[{"href":"https:\/\/humance.ca\/fr\/wp-json\/wp\/v2\/types\/post"}],"author":[{"embeddable":true,"href":"https:\/\/humance.ca\/fr\/wp-json\/wp\/v2\/users\/25"}],"replies":[{"embeddable":true,"href":"https:\/\/humance.ca\/fr\/wp-json\/wp\/v2\/comments?post=27716"}],"version-history":[{"count":10,"href":"https:\/\/humance.ca\/fr\/wp-json\/wp\/v2\/posts\/27716\/revisions"}],"predecessor-version":[{"id":28965,"href":"https:\/\/humance.ca\/fr\/wp-json\/wp\/v2\/posts\/27716\/revisions\/28965"}],"wp:featuredmedia":[{"embeddable":true,"href":"https:\/\/humance.ca\/fr\/wp-json\/wp\/v2\/media\/29032"}],"wp:attachment":[{"href":"https:\/\/humance.ca\/fr\/wp-json\/wp\/v2\/media?parent=27716"}],"wp:term":[{"taxonomy":"category","embeddable":true,"href":"https:\/\/humance.ca\/fr\/wp-json\/wp\/v2\/categories?post=27716"},{"taxonomy":"post_tag","embeddable":true,"href":"https:\/\/humance.ca\/fr\/wp-json\/wp\/v2\/tags?post=27716"}],"curies":[{"name":"wp","href":"https:\/\/api.w.org\/{rel}","templated":true}]}}