{"id":23031,"date":"2022-05-03T14:45:17","date_gmt":"2022-05-03T18:45:17","guid":{"rendered":"https:\/\/humance.ca\/?p=23031"},"modified":"2023-02-08T16:20:12","modified_gmt":"2023-02-08T21:20:12","slug":"webinaire-votre-milieu-de-travail-hybride-est-il-reellement-flexible","status":"publish","type":"post","link":"https:\/\/humance.ca\/fr\/blog\/webinaire-votre-milieu-de-travail-hybride-est-il-reellement-flexible\/","title":{"rendered":"Webinaire \u2013 Votre milieu de travail hybride est-il r\u00e9ellement flexible?"},"content":{"rendered":"\t\t<div data-elementor-type=\"wp-post\" data-elementor-id=\"23031\" class=\"elementor elementor-23031 elementor-21815\" data-elementor-post-type=\"post\">\n\t\t\t\t\t\t<section class=\"elementor-section elementor-top-section elementor-element elementor-element-73a97f7 elementor-section-boxed elementor-section-height-default elementor-section-height-default\" data-id=\"73a97f7\" data-element_type=\"section\" data-e-type=\"section\" data-settings=\"{&quot;jet_parallax_layout_list&quot;:[{&quot;jet_parallax_layout_image&quot;:{&quot;url&quot;:&quot;&quot;,&quot;id&quot;:&quot;&quot;,&quot;size&quot;:&quot;&quot;},&quot;_id&quot;:&quot;08776ad&quot;,&quot;jet_parallax_layout_image_tablet&quot;:{&quot;url&quot;:&quot;&quot;,&quot;id&quot;:&quot;&quot;,&quot;size&quot;:&quot;&quot;},&quot;jet_parallax_layout_image_mobile&quot;:{&quot;url&quot;:&quot;&quot;,&quot;id&quot;:&quot;&quot;,&quot;size&quot;:&quot;&quot;},&quot;jet_parallax_layout_speed&quot;:{&quot;unit&quot;:&quot;%&quot;,&quot;size&quot;:50,&quot;sizes&quot;:[]},&quot;jet_parallax_layout_type&quot;:&quot;scroll&quot;,&quot;jet_parallax_layout_direction&quot;:&quot;1&quot;,&quot;jet_parallax_layout_fx_direction&quot;:null,&quot;jet_parallax_layout_z_index&quot;:&quot;&quot;,&quot;jet_parallax_layout_bg_x&quot;:50,&quot;jet_parallax_layout_bg_x_tablet&quot;:&quot;&quot;,&quot;jet_parallax_layout_bg_x_mobile&quot;:&quot;&quot;,&quot;jet_parallax_layout_bg_y&quot;:50,&quot;jet_parallax_layout_bg_y_tablet&quot;:&quot;&quot;,&quot;jet_parallax_layout_bg_y_mobile&quot;:&quot;&quot;,&quot;jet_parallax_layout_bg_size&quot;:&quot;auto&quot;,&quot;jet_parallax_layout_bg_size_tablet&quot;:&quot;&quot;,&quot;jet_parallax_layout_bg_size_mobile&quot;:&quot;&quot;,&quot;jet_parallax_layout_animation_prop&quot;:&quot;transform&quot;,&quot;jet_parallax_layout_on&quot;:[&quot;desktop&quot;,&quot;tablet&quot;]}]}\">\n\t\t\t\t\t\t<div class=\"elementor-container elementor-column-gap-default\">\n\t\t\t\t\t<div class=\"elementor-column elementor-col-100 elementor-top-column elementor-element elementor-element-3f8cb74\" data-id=\"3f8cb74\" data-element_type=\"column\" data-e-type=\"column\">\n\t\t\t<div class=\"elementor-widget-wrap elementor-element-populated\">\n\t\t\t\t\t\t<div class=\"elementor-element elementor-element-111a0c2 elementor-widget elementor-widget-text-editor\" data-id=\"111a0c2\" data-element_type=\"widget\" data-e-type=\"widget\" data-widget_type=\"text-editor.default\">\n\t\t\t\t<div class=\"elementor-widget-container\">\n\t\t\t\t\t\t\t\t\t<p><em>Ce webinaire est maintenant termin\u00e9, si vous le souhaitez vous pouvez visionner l&#8217;enregistrement ci-dessous.<\/em><\/p>\t\t\t\t\t\t\t\t<\/div>\n\t\t\t\t<\/div>\n\t\t\t\t\t<\/div>\n\t\t<\/div>\n\t\t\t\t\t<\/div>\n\t\t<\/section>\n\t\t\t\t<section class=\"elementor-section elementor-top-section elementor-element elementor-element-6afdc6b elementor-section-boxed elementor-section-height-default elementor-section-height-default\" data-id=\"6afdc6b\" data-element_type=\"section\" data-e-type=\"section\" data-settings=\"{&quot;jet_parallax_layout_list&quot;:[]}\">\n\t\t\t\t\t\t<div class=\"elementor-container elementor-column-gap-default\">\n\t\t\t\t\t<div class=\"elementor-column elementor-col-100 elementor-top-column elementor-element elementor-element-9d30ae9\" data-id=\"9d30ae9\" data-element_type=\"column\" data-e-type=\"column\">\n\t\t\t<div class=\"elementor-widget-wrap elementor-element-populated\">\n\t\t\t\t\t\t<div class=\"elementor-element elementor-element-658217e elementor-widget elementor-widget-image\" data-id=\"658217e\" data-element_type=\"widget\" data-e-type=\"widget\" data-widget_type=\"image.default\">\n\t\t\t\t<div class=\"elementor-widget-container\">\n\t\t\t\t\t\t\t\t\t\t\t\t\t\t\t\t<a href=\"https:\/\/www.youtube.com\/watch?v=Z8XKeRnFPnA\" target=\"_blank\">\n\t\t\t\t\t\t\t<img decoding=\"async\" src=\"https:\/\/humance.ca\/wp-content\/uploads\/2022\/05\/banniere_infolettre.png\" title=\"banniere_infolettre_webinar_travail_hybride\" alt=\"banniere_infolettre_webinar_travail_hybride\" loading=\"lazy\" \/>\t\t\t\t\t\t\t\t<\/a>\n\t\t\t\t\t\t\t\t\t\t\t\t\t\t\t<\/div>\n\t\t\t\t<\/div>\n\t\t\t\t\t<\/div>\n\t\t<\/div>\n\t\t\t\t\t<\/div>\n\t\t<\/section>\n\t\t\t\t<section class=\"elementor-section elementor-top-section elementor-element elementor-element-76ebadf elementor-section-boxed elementor-section-height-default elementor-section-height-default\" data-id=\"76ebadf\" data-element_type=\"section\" data-e-type=\"section\" data-settings=\"{&quot;jet_parallax_layout_list&quot;:[{&quot;jet_parallax_layout_image&quot;:{&quot;url&quot;:&quot;&quot;,&quot;id&quot;:&quot;&quot;,&quot;size&quot;:&quot;&quot;},&quot;_id&quot;:&quot;1b19e38&quot;,&quot;jet_parallax_layout_image_tablet&quot;:{&quot;url&quot;:&quot;&quot;,&quot;id&quot;:&quot;&quot;,&quot;size&quot;:&quot;&quot;},&quot;jet_parallax_layout_image_mobile&quot;:{&quot;url&quot;:&quot;&quot;,&quot;id&quot;:&quot;&quot;,&quot;size&quot;:&quot;&quot;},&quot;jet_parallax_layout_speed&quot;:{&quot;unit&quot;:&quot;%&quot;,&quot;size&quot;:50,&quot;sizes&quot;:[]},&quot;jet_parallax_layout_type&quot;:&quot;scroll&quot;,&quot;jet_parallax_layout_direction&quot;:&quot;1&quot;,&quot;jet_parallax_layout_fx_direction&quot;:null,&quot;jet_parallax_layout_z_index&quot;:&quot;&quot;,&quot;jet_parallax_layout_bg_x&quot;:50,&quot;jet_parallax_layout_bg_x_tablet&quot;:&quot;&quot;,&quot;jet_parallax_layout_bg_x_mobile&quot;:&quot;&quot;,&quot;jet_parallax_layout_bg_y&quot;:50,&quot;jet_parallax_layout_bg_y_tablet&quot;:&quot;&quot;,&quot;jet_parallax_layout_bg_y_mobile&quot;:&quot;&quot;,&quot;jet_parallax_layout_bg_size&quot;:&quot;auto&quot;,&quot;jet_parallax_layout_bg_size_tablet&quot;:&quot;&quot;,&quot;jet_parallax_layout_bg_size_mobile&quot;:&quot;&quot;,&quot;jet_parallax_layout_animation_prop&quot;:&quot;transform&quot;,&quot;jet_parallax_layout_on&quot;:[&quot;desktop&quot;,&quot;tablet&quot;]}]}\">\n\t\t\t\t\t\t<div class=\"elementor-container elementor-column-gap-default\">\n\t\t\t\t\t<div class=\"elementor-column elementor-col-100 elementor-top-column elementor-element elementor-element-3177100\" data-id=\"3177100\" data-element_type=\"column\" data-e-type=\"column\">\n\t\t\t<div class=\"elementor-widget-wrap elementor-element-populated\">\n\t\t\t\t\t\t<div class=\"elementor-element elementor-element-28df8ae elementor-widget elementor-widget-text-editor\" data-id=\"28df8ae\" data-element_type=\"widget\" data-e-type=\"widget\" data-widget_type=\"text-editor.default\">\n\t\t\t\t<div class=\"elementor-widget-container\">\n\t\t\t\t\t\t\t\t\t<p><span data-contrast=\"auto\">Gr\u00e2ce \u00e0 notre riche expertise en psychologie organisationnelle et \u00e0 nos travaux de recherche de pointe sur le travail hybride et \u00e0 distance depuis plus 14 ans, nous savons que l&#8217;\u00e9l\u00e9ment cl\u00e9 du bon fonctionnement d\u2019un milieu de travail hybride est la flexibilit\u00e9.\u00a0<\/span><span data-ccp-props=\"{\">\u00a0<\/span><\/p><p><span data-ccp-props=\"{\">\u00a0<\/span><span data-contrast=\"auto\">Ce webinaire propose des id\u00e9es et des strat\u00e9gies \u00e9prouv\u00e9es qui vous aideront \u00e0 b\u00e2tir votre milieu de travail hybride de fa\u00e7on \u00e0 profiter d\u2019une \u00ab flexibilit\u00e9 bien encadr\u00e9e \u00bb et \u00e0 optimiser le maintien en poste, la mobilisation et la productivit\u00e9 des employ\u00e9s.<\/span><span data-ccp-props=\"{\">\u00a0<\/span><\/p><p><span data-ccp-props=\"{\">\u00a0<\/span><span data-contrast=\"auto\">Joignez-vous \u00e0 nous le 19 mai pour d\u00e9couvrir les derni\u00e8res tendances et les derniers outils qui permettent aux leaders de relever les d\u00e9fis du milieu de travail hybride.<\/span><span data-ccp-props=\"{\">\u00a0<\/span><\/p><p><strong>\u00a0Au programme :\u00a0<\/strong><\/p><ul><li data-leveltext=\"\uf0a7\" data-font=\"Wingdings\" data-listid=\"1\" aria-setsize=\"-1\" data-aria-posinset=\"1\" data-aria-level=\"1\"><span data-contrast=\"auto\">La flexibilit\u00e9, \u00e9l\u00e9ment cl\u00e9 du maintien en poste apr\u00e8s la pand\u00e9mie<\/span><span data-ccp-props=\"{\">\u00a0<\/span><\/li><li data-leveltext=\"\uf0a7\" data-font=\"Wingdings\" data-listid=\"1\" aria-setsize=\"-1\" data-aria-posinset=\"2\" data-aria-level=\"1\"><span data-contrast=\"auto\">Avantages de la \u00ab flexibilit\u00e9 bien encadr\u00e9e \u00bb au sein d\u2019un milieu de travail hybride<\/span><span data-ccp-props=\"{\">\u00a0<\/span><\/li><li data-leveltext=\"\uf0a7\" data-font=\"Wingdings\" data-listid=\"1\" aria-setsize=\"-1\" data-aria-posinset=\"3\" data-aria-level=\"1\"><span data-contrast=\"auto\">Pratiques exemplaires fond\u00e9es sur des donn\u00e9es probantes pour attirer les talents gr\u00e2ce \u00e0 la flexibilit\u00e9<\/span><span data-ccp-props=\"{\">\u00a0<\/span><\/li><\/ul>\t\t\t\t\t\t\t\t<\/div>\n\t\t\t\t<\/div>\n\t\t\t\t\t<\/div>\n\t\t<\/div>\n\t\t\t\t\t<\/div>\n\t\t<\/section>\n\t\t\t\t<section class=\"elementor-section elementor-top-section elementor-element elementor-element-89823de elementor-section-boxed elementor-section-height-default elementor-section-height-default\" data-id=\"89823de\" data-element_type=\"section\" data-e-type=\"section\" data-settings=\"{&quot;jet_parallax_layout_list&quot;:[]}\">\n\t\t\t\t\t\t<div class=\"elementor-container elementor-column-gap-default\">\n\t\t\t\t\t<div class=\"elementor-column elementor-col-100 elementor-top-column elementor-element elementor-element-40bc13f\" data-id=\"40bc13f\" data-element_type=\"column\" data-e-type=\"column\">\n\t\t\t<div class=\"elementor-widget-wrap elementor-element-populated\">\n\t\t\t\t\t\t<div class=\"elementor-element elementor-element-360d620 elementor-widget elementor-widget-text-editor\" data-id=\"360d620\" data-element_type=\"widget\" data-e-type=\"widget\" data-widget_type=\"text-editor.default\">\n\t\t\t\t<div class=\"elementor-widget-container\">\n\t\t\t\t\t\t\t\t\t<h2>Si vous souhaitez visionner l&#8217;enregistrement du webinaire, vous le trouverez ci-dessous ou sur <a href=\"https:\/\/www.youtube.com\/watch?v=Z8XKeRnFPnA\" target=\"_blank\" rel=\"noopener\" data-wplink-edit=\"true\">YouTube<\/a>.<\/h2>\t\t\t\t\t\t\t\t<\/div>\n\t\t\t\t<\/div>\n\t\t\t\t<div class=\"elementor-element elementor-element-591ca12 elementor-widget elementor-widget-video\" data-id=\"591ca12\" data-element_type=\"widget\" data-e-type=\"widget\" data-settings=\"{&quot;youtube_url&quot;:&quot;https:\\\/\\\/youtu.be\\\/Z8XKeRnFPnA&quot;,&quot;video_type&quot;:&quot;youtube&quot;,&quot;controls&quot;:&quot;yes&quot;}\" data-widget_type=\"video.default\">\n\t\t\t\t<div class=\"elementor-widget-container\">\n\t\t\t\t\t\t\t<div class=\"elementor-wrapper elementor-open-inline\">\n\t\t\t<div class=\"elementor-video\"><\/div>\t\t<\/div>\n\t\t\t\t\t\t<\/div>\n\t\t\t\t<\/div>\n\t\t\t\t<div class=\"elementor-element elementor-element-7ef8540 elementor-widget elementor-widget-text-editor\" data-id=\"7ef8540\" data-element_type=\"widget\" data-e-type=\"widget\" data-widget_type=\"text-editor.default\">\n\t\t\t\t<div class=\"elementor-widget-container\">\n\t\t\t\t\t\t\t\t\t<p><em>Webinaire du 19 mai 2022.<\/em><\/p>\t\t\t\t\t\t\t\t<\/div>\n\t\t\t\t<\/div>\n\t\t\t\t\t<\/div>\n\t\t<\/div>\n\t\t\t\t\t<\/div>\n\t\t<\/section>\n\t\t\t\t<section class=\"elementor-section elementor-top-section elementor-element elementor-element-8f0463b elementor-section-full_width elementor-section-height-default elementor-section-height-default\" data-id=\"8f0463b\" data-element_type=\"section\" data-e-type=\"section\" data-settings=\"{&quot;jet_parallax_layout_list&quot;:[{&quot;jet_parallax_layout_image&quot;:{&quot;url&quot;:&quot;&quot;,&quot;id&quot;:&quot;&quot;,&quot;size&quot;:&quot;&quot;},&quot;_id&quot;:&quot;b016a63&quot;,&quot;jet_parallax_layout_image_tablet&quot;:{&quot;url&quot;:&quot;&quot;,&quot;id&quot;:&quot;&quot;,&quot;size&quot;:&quot;&quot;},&quot;jet_parallax_layout_image_mobile&quot;:{&quot;url&quot;:&quot;&quot;,&quot;id&quot;:&quot;&quot;,&quot;size&quot;:&quot;&quot;},&quot;jet_parallax_layout_speed&quot;:{&quot;unit&quot;:&quot;%&quot;,&quot;size&quot;:50,&quot;sizes&quot;:[]},&quot;jet_parallax_layout_type&quot;:&quot;scroll&quot;,&quot;jet_parallax_layout_direction&quot;:&quot;1&quot;,&quot;jet_parallax_layout_fx_direction&quot;:null,&quot;jet_parallax_layout_z_index&quot;:&quot;&quot;,&quot;jet_parallax_layout_bg_x&quot;:50,&quot;jet_parallax_layout_bg_x_tablet&quot;:&quot;&quot;,&quot;jet_parallax_layout_bg_x_mobile&quot;:&quot;&quot;,&quot;jet_parallax_layout_bg_y&quot;:50,&quot;jet_parallax_layout_bg_y_tablet&quot;:&quot;&quot;,&quot;jet_parallax_layout_bg_y_mobile&quot;:&quot;&quot;,&quot;jet_parallax_layout_bg_size&quot;:&quot;auto&quot;,&quot;jet_parallax_layout_bg_size_tablet&quot;:&quot;&quot;,&quot;jet_parallax_layout_bg_size_mobile&quot;:&quot;&quot;,&quot;jet_parallax_layout_animation_prop&quot;:&quot;transform&quot;,&quot;jet_parallax_layout_on&quot;:[&quot;desktop&quot;,&quot;tablet&quot;]}],&quot;background_background&quot;:&quot;classic&quot;,&quot;background_image&quot;:{&quot;url&quot;:&quot;&quot;,&quot;id&quot;:&quot;&quot;,&quot;size&quot;:&quot;&quot;},&quot;background_image_tablet&quot;:{&quot;url&quot;:&quot;&quot;,&quot;id&quot;:&quot;&quot;,&quot;size&quot;:&quot;&quot;},&quot;background_image_mobile&quot;:{&quot;url&quot;:&quot;&quot;,&quot;id&quot;:&quot;&quot;,&quot;size&quot;:&quot;&quot;}}\">\n\t\t\t\t\t\t<div class=\"elementor-container elementor-column-gap-default\">\n\t\t\t\t\t<div class=\"elementor-column elementor-col-100 elementor-top-column elementor-element elementor-element-96461a2\" data-id=\"96461a2\" data-element_type=\"column\" data-e-type=\"column\">\n\t\t\t<div class=\"elementor-widget-wrap elementor-element-populated\">\n\t\t\t\t\t\t<div class=\"elementor-element elementor-element-04020e3 elementor-position-left elementor-vertical-align-top elementor-widget elementor-widget-image-box\" data-id=\"04020e3\" data-element_type=\"widget\" data-e-type=\"widget\" data-widget_type=\"image-box.default\">\n\t\t\t\t<div class=\"elementor-widget-container\">\n\t\t\t\t\t<div class=\"elementor-image-box-wrapper\"><figure class=\"elementor-image-box-img\"><img fetchpriority=\"high\" decoding=\"async\" width=\"317\" height=\"318\" src=\"https:\/\/humance.ca\/wp-content\/uploads\/2021\/11\/Fichier-5.png\" class=\"attachment-full size-full wp-image-19066\" alt=\"\" srcset=\"https:\/\/humance.ca\/wp-content\/uploads\/2021\/11\/Fichier-5.png 317w, https:\/\/humance.ca\/wp-content\/uploads\/2021\/11\/Fichier-5-300x300.png 300w, https:\/\/humance.ca\/wp-content\/uploads\/2021\/11\/Fichier-5-150x150.png 150w\" sizes=\"(max-width: 317px) 100vw, 317px\" \/><\/figure><div class=\"elementor-image-box-content\"><p class=\"elementor-image-box-description\"><b>Experte invit\u00e9e : <\/b> Jennifer Gabriele<br>\nDepuis plus d\u2019une d\u00e9cennie, Jennifer Gabriele accompagne les gestionnaires et les chefs d\u2019entreprise \u00e0 r\u00e9fl\u00e9chir strat\u00e9giquement \u00e0 leur impact sur leurs \u00e9quipes ou sur leurs partenaires externes en analysant les moyens utilis\u00e9s et en apportant des solutions pratiques pour les optimiser. En plus d\u2019animer des conf\u00e9rences, des webinaires et des ateliers de formation, elle se sp\u00e9cialise en leadership \u00e0 distance, dit \u00ab hybride \u00bb, qui est particuli\u00e8rement d\u2019actualit\u00e9.<\/p><\/div><\/div>\t\t\t\t<\/div>\n\t\t\t\t<\/div>\n\t\t\t\t<div class=\"elementor-element elementor-element-817dcc2 elementor-position-left elementor-vertical-align-top elementor-widget elementor-widget-image-box\" data-id=\"817dcc2\" data-element_type=\"widget\" data-e-type=\"widget\" data-widget_type=\"image-box.default\">\n\t\t\t\t<div class=\"elementor-widget-container\">\n\t\t\t\t\t<div class=\"elementor-image-box-wrapper\"><figure class=\"elementor-image-box-img\"><img decoding=\"async\" width=\"1271\" height=\"1271\" src=\"https:\/\/humance.ca\/wp-content\/uploads\/2022\/04\/mj-lareau_rond.png\" class=\"attachment-full size-full wp-image-23057\" alt=\"\" srcset=\"https:\/\/humance.ca\/wp-content\/uploads\/2022\/04\/mj-lareau_rond.png 1271w, https:\/\/humance.ca\/wp-content\/uploads\/2022\/04\/mj-lareau_rond-300x300.png 300w, https:\/\/humance.ca\/wp-content\/uploads\/2022\/04\/mj-lareau_rond-1024x1024.png 1024w, https:\/\/humance.ca\/wp-content\/uploads\/2022\/04\/mj-lareau_rond-150x150.png 150w, https:\/\/humance.ca\/wp-content\/uploads\/2022\/04\/mj-lareau_rond-768x768.png 768w\" sizes=\"(max-width: 1271px) 100vw, 1271px\" \/><\/figure><div class=\"elementor-image-box-content\"><p class=\"elementor-image-box-description\"><br><b>Facilitatrice : <\/b>Marie-Jos\u00e9e Lareau, EMBA<br>Leader cr\u00e9ativit\u00e9 et innovation  | Strat\u00e9gie et transformation organisationnelle.<br>Fondatrice d\u2019InnoveLab, Marie-Jos\u00e9e met son exp\u00e9rience \u00e0 votre disposition pour cr\u00e9er des solutions selon vos besoins d\u2019\u00e9quipe et d\u2019entreprise. Depuis plus de 20 ans, Marie-Jos\u00e9e Lareau d\u00e9veloppe son expertise dans le domaine de la cr\u00e9ativit\u00e9 et de l\u2019innovation. Elle se sp\u00e9cialise dans le d\u00e9veloppement d\u2019ateliers corporatifs stimulant la r\u00e9flexion strat\u00e9gique, l\u2019id\u00e9ation et la collaboration.<\/p><\/div><\/div>\t\t\t\t<\/div>\n\t\t\t\t<\/div>\n\t\t\t\t\t<\/div>\n\t\t<\/div>\n\t\t\t\t\t<\/div>\n\t\t<\/section>\n\t\t\t\t<\/div>\n\t\t","protected":false},"excerpt":{"rendered":"<p>Ce webinaire est maintenant termin\u00e9, si vous le souhaitez vous pouvez visionner l&#8217;enregistrement ci-dessous. Gr\u00e2ce \u00e0 notre riche expertise en psychologie organisationnelle et \u00e0 nos travaux de recherche de pointe&#8230; <br \/><a class=\"read-more\" href=\"https:\/\/humance.ca\/fr\/blog\/webinaire-votre-milieu-de-travail-hybride-est-il-reellement-flexible\/\">Continuer la lecture<\/a><\/p>\n","protected":false},"author":22,"featured_media":28981,"comment_status":"closed","ping_status":"closed","sticky":false,"template":"","format":"standard","meta":{"_acf_changed":false,"inline_featured_image":false,"footnotes":""},"categories":[46],"tags":[],"class_list":["post-23031","post","type-post","status-publish","format-standard","has-post-thumbnail","hentry","category-evenements"],"acf":[],"yoast_head":"<!-- This site is optimized with the Yoast SEO plugin v27.5 - https:\/\/yoast.com\/product\/yoast-seo-wordpress\/ -->\n<title>Webinaire \u2013 Votre milieu de travail hybride est-il r\u00e9ellement flexible?<\/title>\n<meta name=\"description\" content=\"Webinaire \u2013 Votre milieu de travail hybride est-il r\u00e9ellement flexible? D\u00e9couvrez les derni\u00e8res tendances et les derniers outils.\" \/>\n<meta name=\"robots\" content=\"index, follow, max-snippet:-1, max-image-preview:large, max-video-preview:-1\" \/>\n<link rel=\"canonical\" href=\"https:\/\/humance.ca\/fr\/blog\/webinaire-votre-milieu-de-travail-hybride-est-il-reellement-flexible\/\" \/>\n<meta property=\"og:locale\" content=\"fr_CA\" \/>\n<meta property=\"og:type\" content=\"article\" \/>\n<meta property=\"og:title\" content=\"Webinaire \u2013 Votre milieu de travail hybride est-il r\u00e9ellement flexible?\" \/>\n<meta property=\"og:description\" content=\"Webinaire \u2013 Votre milieu de travail hybride est-il r\u00e9ellement flexible? D\u00e9couvrez les derni\u00e8res tendances et les derniers outils.\" \/>\n<meta property=\"og:url\" content=\"https:\/\/humance.ca\/fr\/blog\/webinaire-votre-milieu-de-travail-hybride-est-il-reellement-flexible\/\" \/>\n<meta property=\"og:site_name\" content=\"Humance\" \/>\n<meta property=\"article:published_time\" content=\"2022-05-03T18:45:17+00:00\" \/>\n<meta property=\"article:modified_time\" content=\"2023-02-08T21:20:12+00:00\" \/>\n<meta property=\"og:image\" content=\"https:\/\/humance.ca\/wp-content\/uploads\/2022\/05\/Blogue-Visuel-sizes-3.png\" \/>\n\t<meta property=\"og:image:width\" content=\"1920\" \/>\n\t<meta property=\"og:image:height\" content=\"1130\" \/>\n\t<meta property=\"og:image:type\" content=\"image\/png\" \/>\n<meta name=\"author\" content=\"Marie Dercamp\" \/>\n<meta name=\"twitter:card\" content=\"summary_large_image\" \/>\n<script type=\"application\/ld+json\" class=\"yoast-schema-graph\">{\"@context\":\"https:\\\/\\\/schema.org\",\"@graph\":[{\"@type\":\"Article\",\"@id\":\"https:\\\/\\\/humance.ca\\\/fr\\\/blog\\\/webinaire-votre-milieu-de-travail-hybride-est-il-reellement-flexible\\\/#article\",\"isPartOf\":{\"@id\":\"https:\\\/\\\/humance.ca\\\/fr\\\/blog\\\/webinaire-votre-milieu-de-travail-hybride-est-il-reellement-flexible\\\/\"},\"author\":{\"name\":\"Marie Dercamp\",\"@id\":\"https:\\\/\\\/humance.ca\\\/fr\\\/#\\\/schema\\\/person\\\/a5a6fe30aeaff74793a454d725ebadb0\"},\"headline\":\"Webinaire \u2013 Votre milieu de travail hybride est-il r\u00e9ellement flexible?\",\"datePublished\":\"2022-05-03T18:45:17+00:00\",\"dateModified\":\"2023-02-08T21:20:12+00:00\",\"mainEntityOfPage\":{\"@id\":\"https:\\\/\\\/humance.ca\\\/fr\\\/blog\\\/webinaire-votre-milieu-de-travail-hybride-est-il-reellement-flexible\\\/\"},\"wordCount\":378,\"publisher\":{\"@id\":\"https:\\\/\\\/humance.ca\\\/fr\\\/#organization\"},\"image\":{\"@id\":\"https:\\\/\\\/humance.ca\\\/fr\\\/blog\\\/webinaire-votre-milieu-de-travail-hybride-est-il-reellement-flexible\\\/#primaryimage\"},\"thumbnailUrl\":\"https:\\\/\\\/humance.ca\\\/wp-content\\\/uploads\\\/2022\\\/05\\\/Blogue-Visuel-sizes-3.png\",\"articleSection\":[\"\u00c9v\u00e9nements\"],\"inLanguage\":\"fr-CA\"},{\"@type\":\"WebPage\",\"@id\":\"https:\\\/\\\/humance.ca\\\/fr\\\/blog\\\/webinaire-votre-milieu-de-travail-hybride-est-il-reellement-flexible\\\/\",\"url\":\"https:\\\/\\\/humance.ca\\\/fr\\\/blog\\\/webinaire-votre-milieu-de-travail-hybride-est-il-reellement-flexible\\\/\",\"name\":\"Webinaire \u2013 Votre milieu de travail hybride est-il r\u00e9ellement flexible?\",\"isPartOf\":{\"@id\":\"https:\\\/\\\/humance.ca\\\/fr\\\/#website\"},\"primaryImageOfPage\":{\"@id\":\"https:\\\/\\\/humance.ca\\\/fr\\\/blog\\\/webinaire-votre-milieu-de-travail-hybride-est-il-reellement-flexible\\\/#primaryimage\"},\"image\":{\"@id\":\"https:\\\/\\\/humance.ca\\\/fr\\\/blog\\\/webinaire-votre-milieu-de-travail-hybride-est-il-reellement-flexible\\\/#primaryimage\"},\"thumbnailUrl\":\"https:\\\/\\\/humance.ca\\\/wp-content\\\/uploads\\\/2022\\\/05\\\/Blogue-Visuel-sizes-3.png\",\"datePublished\":\"2022-05-03T18:45:17+00:00\",\"dateModified\":\"2023-02-08T21:20:12+00:00\",\"description\":\"Webinaire \u2013 Votre milieu de travail hybride est-il r\u00e9ellement flexible? D\u00e9couvrez les derni\u00e8res tendances et les derniers outils.\",\"breadcrumb\":{\"@id\":\"https:\\\/\\\/humance.ca\\\/fr\\\/blog\\\/webinaire-votre-milieu-de-travail-hybride-est-il-reellement-flexible\\\/#breadcrumb\"},\"inLanguage\":\"fr-CA\",\"potentialAction\":[{\"@type\":\"ReadAction\",\"target\":[\"https:\\\/\\\/humance.ca\\\/fr\\\/blog\\\/webinaire-votre-milieu-de-travail-hybride-est-il-reellement-flexible\\\/\"]}]},{\"@type\":\"ImageObject\",\"inLanguage\":\"fr-CA\",\"@id\":\"https:\\\/\\\/humance.ca\\\/fr\\\/blog\\\/webinaire-votre-milieu-de-travail-hybride-est-il-reellement-flexible\\\/#primaryimage\",\"url\":\"https:\\\/\\\/humance.ca\\\/wp-content\\\/uploads\\\/2022\\\/05\\\/Blogue-Visuel-sizes-3.png\",\"contentUrl\":\"https:\\\/\\\/humance.ca\\\/wp-content\\\/uploads\\\/2022\\\/05\\\/Blogue-Visuel-sizes-3.png\",\"width\":1920,\"height\":1130},{\"@type\":\"BreadcrumbList\",\"@id\":\"https:\\\/\\\/humance.ca\\\/fr\\\/blog\\\/webinaire-votre-milieu-de-travail-hybride-est-il-reellement-flexible\\\/#breadcrumb\",\"itemListElement\":[{\"@type\":\"ListItem\",\"position\":1,\"name\":\"Home\",\"item\":\"https:\\\/\\\/humance.ca\\\/fr\\\/\"},{\"@type\":\"ListItem\",\"position\":2,\"name\":\"Webinaire \u2013 Votre milieu de travail hybride est-il r\u00e9ellement flexible?\"}]},{\"@type\":\"WebSite\",\"@id\":\"https:\\\/\\\/humance.ca\\\/fr\\\/#website\",\"url\":\"https:\\\/\\\/humance.ca\\\/fr\\\/\",\"name\":\"Humance\",\"description\":\"Culture &amp; Performance\",\"publisher\":{\"@id\":\"https:\\\/\\\/humance.ca\\\/fr\\\/#organization\"},\"potentialAction\":[{\"@type\":\"SearchAction\",\"target\":{\"@type\":\"EntryPoint\",\"urlTemplate\":\"https:\\\/\\\/humance.ca\\\/fr\\\/?s={search_term_string}\"},\"query-input\":{\"@type\":\"PropertyValueSpecification\",\"valueRequired\":true,\"valueName\":\"search_term_string\"}}],\"inLanguage\":\"fr-CA\"},{\"@type\":\"Organization\",\"@id\":\"https:\\\/\\\/humance.ca\\\/fr\\\/#organization\",\"name\":\"Humance\",\"url\":\"https:\\\/\\\/humance.ca\\\/fr\\\/\",\"logo\":{\"@type\":\"ImageObject\",\"inLanguage\":\"fr-CA\",\"@id\":\"https:\\\/\\\/humance.ca\\\/fr\\\/#\\\/schema\\\/logo\\\/image\\\/\",\"url\":\"https:\\\/\\\/humance.ca\\\/wp-content\\\/uploads\\\/2018\\\/08\\\/LOGO_Humance_Tagline.png\",\"contentUrl\":\"https:\\\/\\\/humance.ca\\\/wp-content\\\/uploads\\\/2018\\\/08\\\/LOGO_Humance_Tagline.png\",\"width\":604,\"height\":200,\"caption\":\"Humance\"},\"image\":{\"@id\":\"https:\\\/\\\/humance.ca\\\/fr\\\/#\\\/schema\\\/logo\\\/image\\\/\"}},{\"@type\":\"Person\",\"@id\":\"https:\\\/\\\/humance.ca\\\/fr\\\/#\\\/schema\\\/person\\\/a5a6fe30aeaff74793a454d725ebadb0\",\"name\":\"Marie Dercamp\",\"image\":{\"@type\":\"ImageObject\",\"inLanguage\":\"fr-CA\",\"@id\":\"https:\\\/\\\/secure.gravatar.com\\\/avatar\\\/4983178a78e856293f0de447b87e349350687da2ac422737ab3a9e911654402a?s=96&d=mm&r=g\",\"url\":\"https:\\\/\\\/secure.gravatar.com\\\/avatar\\\/4983178a78e856293f0de447b87e349350687da2ac422737ab3a9e911654402a?s=96&d=mm&r=g\",\"contentUrl\":\"https:\\\/\\\/secure.gravatar.com\\\/avatar\\\/4983178a78e856293f0de447b87e349350687da2ac422737ab3a9e911654402a?s=96&d=mm&r=g\",\"caption\":\"Marie Dercamp\"}}]}<\/script>\n<!-- \/ Yoast SEO plugin. -->","yoast_head_json":{"title":"Webinaire \u2013 Votre milieu de travail hybride est-il r\u00e9ellement flexible?","description":"Webinaire \u2013 Votre milieu de travail hybride est-il r\u00e9ellement flexible? D\u00e9couvrez les derni\u00e8res tendances et les derniers outils.","robots":{"index":"index","follow":"follow","max-snippet":"max-snippet:-1","max-image-preview":"max-image-preview:large","max-video-preview":"max-video-preview:-1"},"canonical":"https:\/\/humance.ca\/fr\/blog\/webinaire-votre-milieu-de-travail-hybride-est-il-reellement-flexible\/","og_locale":"fr_CA","og_type":"article","og_title":"Webinaire \u2013 Votre milieu de travail hybride est-il r\u00e9ellement flexible?","og_description":"Webinaire \u2013 Votre milieu de travail hybride est-il r\u00e9ellement flexible? D\u00e9couvrez les derni\u00e8res tendances et les derniers outils.","og_url":"https:\/\/humance.ca\/fr\/blog\/webinaire-votre-milieu-de-travail-hybride-est-il-reellement-flexible\/","og_site_name":"Humance","article_published_time":"2022-05-03T18:45:17+00:00","article_modified_time":"2023-02-08T21:20:12+00:00","og_image":[{"width":1920,"height":1130,"url":"https:\/\/humance.ca\/wp-content\/uploads\/2022\/05\/Blogue-Visuel-sizes-3.png","type":"image\/png"}],"author":"Marie Dercamp","twitter_card":"summary_large_image","schema":{"@context":"https:\/\/schema.org","@graph":[{"@type":"Article","@id":"https:\/\/humance.ca\/fr\/blog\/webinaire-votre-milieu-de-travail-hybride-est-il-reellement-flexible\/#article","isPartOf":{"@id":"https:\/\/humance.ca\/fr\/blog\/webinaire-votre-milieu-de-travail-hybride-est-il-reellement-flexible\/"},"author":{"name":"Marie Dercamp","@id":"https:\/\/humance.ca\/fr\/#\/schema\/person\/a5a6fe30aeaff74793a454d725ebadb0"},"headline":"Webinaire \u2013 Votre milieu de travail hybride est-il r\u00e9ellement flexible?","datePublished":"2022-05-03T18:45:17+00:00","dateModified":"2023-02-08T21:20:12+00:00","mainEntityOfPage":{"@id":"https:\/\/humance.ca\/fr\/blog\/webinaire-votre-milieu-de-travail-hybride-est-il-reellement-flexible\/"},"wordCount":378,"publisher":{"@id":"https:\/\/humance.ca\/fr\/#organization"},"image":{"@id":"https:\/\/humance.ca\/fr\/blog\/webinaire-votre-milieu-de-travail-hybride-est-il-reellement-flexible\/#primaryimage"},"thumbnailUrl":"https:\/\/humance.ca\/wp-content\/uploads\/2022\/05\/Blogue-Visuel-sizes-3.png","articleSection":["\u00c9v\u00e9nements"],"inLanguage":"fr-CA"},{"@type":"WebPage","@id":"https:\/\/humance.ca\/fr\/blog\/webinaire-votre-milieu-de-travail-hybride-est-il-reellement-flexible\/","url":"https:\/\/humance.ca\/fr\/blog\/webinaire-votre-milieu-de-travail-hybride-est-il-reellement-flexible\/","name":"Webinaire \u2013 Votre milieu de travail hybride est-il r\u00e9ellement flexible?","isPartOf":{"@id":"https:\/\/humance.ca\/fr\/#website"},"primaryImageOfPage":{"@id":"https:\/\/humance.ca\/fr\/blog\/webinaire-votre-milieu-de-travail-hybride-est-il-reellement-flexible\/#primaryimage"},"image":{"@id":"https:\/\/humance.ca\/fr\/blog\/webinaire-votre-milieu-de-travail-hybride-est-il-reellement-flexible\/#primaryimage"},"thumbnailUrl":"https:\/\/humance.ca\/wp-content\/uploads\/2022\/05\/Blogue-Visuel-sizes-3.png","datePublished":"2022-05-03T18:45:17+00:00","dateModified":"2023-02-08T21:20:12+00:00","description":"Webinaire \u2013 Votre milieu de travail hybride est-il r\u00e9ellement flexible? D\u00e9couvrez les derni\u00e8res tendances et les derniers outils.","breadcrumb":{"@id":"https:\/\/humance.ca\/fr\/blog\/webinaire-votre-milieu-de-travail-hybride-est-il-reellement-flexible\/#breadcrumb"},"inLanguage":"fr-CA","potentialAction":[{"@type":"ReadAction","target":["https:\/\/humance.ca\/fr\/blog\/webinaire-votre-milieu-de-travail-hybride-est-il-reellement-flexible\/"]}]},{"@type":"ImageObject","inLanguage":"fr-CA","@id":"https:\/\/humance.ca\/fr\/blog\/webinaire-votre-milieu-de-travail-hybride-est-il-reellement-flexible\/#primaryimage","url":"https:\/\/humance.ca\/wp-content\/uploads\/2022\/05\/Blogue-Visuel-sizes-3.png","contentUrl":"https:\/\/humance.ca\/wp-content\/uploads\/2022\/05\/Blogue-Visuel-sizes-3.png","width":1920,"height":1130},{"@type":"BreadcrumbList","@id":"https:\/\/humance.ca\/fr\/blog\/webinaire-votre-milieu-de-travail-hybride-est-il-reellement-flexible\/#breadcrumb","itemListElement":[{"@type":"ListItem","position":1,"name":"Home","item":"https:\/\/humance.ca\/fr\/"},{"@type":"ListItem","position":2,"name":"Webinaire \u2013 Votre milieu de travail hybride est-il r\u00e9ellement flexible?"}]},{"@type":"WebSite","@id":"https:\/\/humance.ca\/fr\/#website","url":"https:\/\/humance.ca\/fr\/","name":"Humance","description":"Culture &amp; Performance","publisher":{"@id":"https:\/\/humance.ca\/fr\/#organization"},"potentialAction":[{"@type":"SearchAction","target":{"@type":"EntryPoint","urlTemplate":"https:\/\/humance.ca\/fr\/?s={search_term_string}"},"query-input":{"@type":"PropertyValueSpecification","valueRequired":true,"valueName":"search_term_string"}}],"inLanguage":"fr-CA"},{"@type":"Organization","@id":"https:\/\/humance.ca\/fr\/#organization","name":"Humance","url":"https:\/\/humance.ca\/fr\/","logo":{"@type":"ImageObject","inLanguage":"fr-CA","@id":"https:\/\/humance.ca\/fr\/#\/schema\/logo\/image\/","url":"https:\/\/humance.ca\/wp-content\/uploads\/2018\/08\/LOGO_Humance_Tagline.png","contentUrl":"https:\/\/humance.ca\/wp-content\/uploads\/2018\/08\/LOGO_Humance_Tagline.png","width":604,"height":200,"caption":"Humance"},"image":{"@id":"https:\/\/humance.ca\/fr\/#\/schema\/logo\/image\/"}},{"@type":"Person","@id":"https:\/\/humance.ca\/fr\/#\/schema\/person\/a5a6fe30aeaff74793a454d725ebadb0","name":"Marie Dercamp","image":{"@type":"ImageObject","inLanguage":"fr-CA","@id":"https:\/\/secure.gravatar.com\/avatar\/4983178a78e856293f0de447b87e349350687da2ac422737ab3a9e911654402a?s=96&d=mm&r=g","url":"https:\/\/secure.gravatar.com\/avatar\/4983178a78e856293f0de447b87e349350687da2ac422737ab3a9e911654402a?s=96&d=mm&r=g","contentUrl":"https:\/\/secure.gravatar.com\/avatar\/4983178a78e856293f0de447b87e349350687da2ac422737ab3a9e911654402a?s=96&d=mm&r=g","caption":"Marie Dercamp"}}]}},"_links":{"self":[{"href":"https:\/\/humance.ca\/fr\/wp-json\/wp\/v2\/posts\/23031","targetHints":{"allow":["GET"]}}],"collection":[{"href":"https:\/\/humance.ca\/fr\/wp-json\/wp\/v2\/posts"}],"about":[{"href":"https:\/\/humance.ca\/fr\/wp-json\/wp\/v2\/types\/post"}],"author":[{"embeddable":true,"href":"https:\/\/humance.ca\/fr\/wp-json\/wp\/v2\/users\/22"}],"replies":[{"embeddable":true,"href":"https:\/\/humance.ca\/fr\/wp-json\/wp\/v2\/comments?post=23031"}],"version-history":[{"count":10,"href":"https:\/\/humance.ca\/fr\/wp-json\/wp\/v2\/posts\/23031\/revisions"}],"predecessor-version":[{"id":29043,"href":"https:\/\/humance.ca\/fr\/wp-json\/wp\/v2\/posts\/23031\/revisions\/29043"}],"wp:featuredmedia":[{"embeddable":true,"href":"https:\/\/humance.ca\/fr\/wp-json\/wp\/v2\/media\/28981"}],"wp:attachment":[{"href":"https:\/\/humance.ca\/fr\/wp-json\/wp\/v2\/media?parent=23031"}],"wp:term":[{"taxonomy":"category","embeddable":true,"href":"https:\/\/humance.ca\/fr\/wp-json\/wp\/v2\/categories?post=23031"},{"taxonomy":"post_tag","embeddable":true,"href":"https:\/\/humance.ca\/fr\/wp-json\/wp\/v2\/tags?post=23031"}],"curies":[{"name":"wp","href":"https:\/\/api.w.org\/{rel}","templated":true}]}}